{"id":1,"date":"2018-10-06T16:58:28","date_gmt":"2018-10-06T14:58:28","guid":{"rendered":"http:\/\/duventdanslesmots.org\/?p=1"},"modified":"2020-04-22T19:12:01","modified_gmt":"2020-04-22T17:12:01","slug":"bonjour-tout-le-monde","status":"publish","type":"post","link":"https:\/\/duventdanslesmots.org\/index.php\/2018\/10\/06\/bonjour-tout-le-monde\/","title":{"rendered":"La rentr\u00e9e Tout Public"},"content":{"rendered":"<div id='gallery-1' class='gallery galleryid-1 gallery-columns-1 gallery-size-large'><figure class='gallery-item'>\n\t\t\t<div class='gallery-icon portrait'>\n\t\t\t\t<a href='https:\/\/duventdanslesmots.org\/affichepoaa\/'><img width=\"724\" height=\"1024\" src=\"https:\/\/duventdanslesmots.org\/wp-content\/uploads\/2018\/10\/affichePOAA-724x1024.jpg\" class=\"attachment-large size-large\" alt=\"\" decoding=\"async\" loading=\"lazy\" srcset=\"https:\/\/duventdanslesmots.org\/wp-content\/uploads\/2018\/10\/affichePOAA-724x1024.jpg 724w, https:\/\/duventdanslesmots.org\/wp-content\/uploads\/2018\/10\/affichePOAA-212x300.jpg 212w, https:\/\/duventdanslesmots.org\/wp-content\/uploads\/2018\/10\/affichePOAA-768x1086.jpg 768w, https:\/\/duventdanslesmots.org\/wp-content\/uploads\/2018\/10\/affichePOAA-e1539781838512.jpg 600w\" sizes=\"(max-width: 709px) 85vw, (max-width: 909px) 67vw, (max-width: 984px) 61vw, (max-width: 1362px) 45vw, 600px\" \/><\/a>\n\t\t\t<\/div><\/figure>\n\t\t<\/div>\n\n<p><strong>&#8211; 12, 13, 14 octobre 2018<\/strong> Portes Ouvertes des Ateliers d\u2019Artistes avec le Laboratoire d\u2019Humanit\u00e9 au 87 rue du four \u00e0 chaux \u00e0 Lille <b>atelier d\u2019\u00e9criture le samedi matin d\u00e8s 10h \/ go\u00fbter-concert le dimanche \u00e0 16h<\/b><\/p>\n<p><b>&#8211; 13 octobre, de 19h \u00e0 21h<\/b> Nuit des biblioth\u00e8ques au Fort de Mons-en-Baroeul <b>lectures musicales avec Gilles Anquez<\/b><\/p>\n<p><b>&#8211; 26 septembre, de 10h \u00e0 12h<\/b> Maison R\u00e9gionale de l\u2019Environnement et des Solidarit\u00e9s <b>atelier d\u2019\u00e9criture po\u00e9tique de Ha\u00efku<\/b><\/p>\n<p><b>&#8211; 23 septembre, de 15h \u00e0 16h30<\/b> Journ\u00e9e Migr\u2019action \u00e0 la Maison Folie Wazemmes <b>lectures et chants d\u2019ailleurs<\/b><\/p>\n<p><b>&#8211; 22 septembre, de 14h \u00e0 18h<\/b> Ouverture de saison, Fort de Mons <b>lectures musicales avec Gilles Anquez<\/b><\/p>\n<p>&nbsp;<\/p>\n","protected":false},"excerpt":{"rendered":"<p>&#8211; 12, 13, 14 octobre 2018 Portes Ouvertes des Ateliers d\u2019Artistes avec le Laboratoire d\u2019Humanit\u00e9 au 87 rue du four \u00e0 chaux \u00e0 Lille atelier d\u2019\u00e9criture le samedi matin d\u00e8s 10h \/ go\u00fbter-concert le dimanche \u00e0 16h &#8211; 13 octobre, de 19h \u00e0 21h Nuit des biblioth\u00e8ques au Fort de Mons-en-Baroeul lectures musicales avec Gilles &hellip; <a href=\"https:\/\/duventdanslesmots.org\/index.php\/2018\/10\/06\/bonjour-tout-le-monde\/\" class=\"more-link\">Continuer la lecture<span class=\"screen-reader-text\"> de &laquo;&nbsp;La rentr\u00e9e Tout Public&nbsp;&raquo;<\/span><\/a><\/p>\n","protected":false},"author":2,"featured_media":0,"comment_status":"open","ping_status":"open","sticky":false,"template":"","format":"standard","meta":[],"categories":[29],"tags":[6,12,11,4,8,5],"_links":{"self":[{"href":"https:\/\/duventdanslesmots.org\/index.php\/wp-json\/wp\/v2\/posts\/1"}],"collection":[{"href":"https:\/\/duventdanslesmots.org\/index.php\/wp-json\/wp\/v2\/posts"}],"about":[{"href":"https:\/\/duventdanslesmots.org\/index.php\/wp-json\/wp\/v2\/types\/post"}],"author":[{"embeddable":true,"href":"https:\/\/duventdanslesmots.org\/index.php\/wp-json\/wp\/v2\/users\/2"}],"replies":[{"embeddable":true,"href":"https:\/\/duventdanslesmots.org\/index.php\/wp-json\/wp\/v2\/comments?post=1"}],"version-history":[{"count":9,"href":"https:\/\/duventdanslesmots.org\/index.php\/wp-json\/wp\/v2\/posts\/1\/revisions"}],"predecessor-version":[{"id":90,"href":"https:\/\/duventdanslesmots.org\/index.php\/wp-json\/wp\/v2\/posts\/1\/revisions\/90"}],"wp:attachment":[{"href":"https:\/\/duventdanslesmots.org\/index.php\/wp-json\/wp\/v2\/media?parent=1"}],"wp:term":[{"taxonomy":"category","embeddable":true,"href":"https:\/\/duventdanslesmots.org\/index.php\/wp-json\/wp\/v2\/categories?post=1"},{"taxonomy":"post_tag","embeddable":true,"href":"https:\/\/duventdanslesmots.org\/index.php\/wp-json\/wp\/v2\/tags?post=1"}],"curies":[{"name":"wp","href":"https:\/\/api.w.org\/{rel}","templated":true}]}}