{"id":1303,"date":"2020-08-06T13:15:47","date_gmt":"2020-08-06T11:15:47","guid":{"rendered":"http:\/\/duventdanslesmots.org\/?p=1303"},"modified":"2020-08-07T22:56:25","modified_gmt":"2020-08-07T20:56:25","slug":"les-derniers-rendez-vous-j-10","status":"publish","type":"post","link":"https:\/\/duventdanslesmots.org\/index.php\/2020\/08\/06\/les-derniers-rendez-vous-j-10\/","title":{"rendered":"Les derniers rendez-vous ! J-10"},"content":{"rendered":"\n<p>On vous raconte encore quelques histoires<br>avant de partir se promener dans les bois !<br>C&rsquo;est pour tous et c&rsquo;est pour toutes,<br>c&rsquo;est maintenant et c&rsquo;est avec joie !<\/p>\n\n\n\n<figure class=\"wp-block-image size-large is-resized\"><img decoding=\"async\" loading=\"lazy\" src=\"http:\/\/duventdanslesmots.org\/wp-content\/uploads\/2020\/08\/IMG_9976-1024x682.jpg\" alt=\"\" class=\"wp-image-1304\" width=\"497\" height=\"330\" srcset=\"https:\/\/duventdanslesmots.org\/wp-content\/uploads\/2020\/08\/IMG_9976-1024x682.jpg 1024w, https:\/\/duventdanslesmots.org\/wp-content\/uploads\/2020\/08\/IMG_9976-300x200.jpg 300w, https:\/\/duventdanslesmots.org\/wp-content\/uploads\/2020\/08\/IMG_9976-768x512.jpg 768w, https:\/\/duventdanslesmots.org\/wp-content\/uploads\/2020\/08\/IMG_9976-1200x800.jpg 1200w, https:\/\/duventdanslesmots.org\/wp-content\/uploads\/2020\/08\/IMG_9976.jpg 1280w\" sizes=\"(max-width: 497px) 85vw, 497px\" \/><figcaption>Photo Matthias Cr\u00e9pel<\/figcaption><\/figure>\n\n\n\n<p><strong>jeudi 6 et mardi 11 ao\u00fbt<\/strong><br>de 16h \u00e0 17h30<br>rue Jean Giraudoux, \u00e0 Lille-Sud<br><strong>Lecture au pied des immeubles<\/strong><\/p>\n\n\n\n<p><strong>samedi 8 ao\u00fbt<\/strong><br>de 14h \u00e0 16h<br>au Fort de Mons-en-Baroeul<br><strong>Histoires en musique<\/strong><\/p>\n\n\n\n<p><strong>dimanche 9 ao\u00fbt<\/strong><br>de 16h \u00e0 18h<br>dans la serre \u00e9quatoriale du jardin des plantes de Lille<br><strong>La m\u00e9lodie des tuyaux<br>3 minutes, 2 voix pour 1 spectateur, 1 spectatrice unique !<\/strong><\/p>\n\n\n\n<p><strong>lundi 10 ao\u00fbt<\/strong><br>de 16h \u00e0 18h<br>rue de Picardie, \u00e0 Mons-en-Baroeul<br><strong>Histoires en musique<\/strong><\/p>\n\n\n\n<p><strong>mardi 11 ao\u00fbt<\/strong><br>de 15h \u00e0 18h30<br>au jardin de la maison de quartier du Chemin Rouge \u00e0 Faches-Thumesnil<br><strong>Lecture au pied de l&rsquo;arbre, les pieds dans l&rsquo;herbe<\/strong><\/p>\n\n\n\n<p><strong>jeudi 13 ao\u00fbt<\/strong><br>\u00e0 17h<br>\u00e0 la m\u00e9diath\u00e8que de Lille-Sud<br>Le long de la route<br><strong>Histoires et chants d&rsquo;ailleurs<\/strong><\/p>\n\n\n\n<p><strong>vendredi 14 ao\u00fbt<\/strong><br>de 15h \u00e0 19h<br>rue d&rsquo;Arsonval, \u00e0 Lille-Sud<br><strong>La m\u00e9lodie des tuyaux<br>3 minutes, 2 voix, pour 1 spectateur, 1 spectatrice unique !<\/strong><\/p>\n\n\n\n<p>#VoyageVoyagesLille<\/p>\n","protected":false},"excerpt":{"rendered":"<p>On vous raconte encore quelques histoiresavant de partir se promener dans les bois !C&rsquo;est pour tous et c&rsquo;est pour toutes,c&rsquo;est maintenant et c&rsquo;est avec joie ! jeudi 6 et mardi 11 ao\u00fbtde 16h \u00e0 17h30rue Jean Giraudoux, \u00e0 Lille-SudLecture au pied des immeubles samedi 8 ao\u00fbtde 14h \u00e0 16hau Fort de Mons-en-BaroeulHistoires en musique dimanche &hellip; <a href=\"https:\/\/duventdanslesmots.org\/index.php\/2020\/08\/06\/les-derniers-rendez-vous-j-10\/\" class=\"more-link\">Continuer la lecture<span class=\"screen-reader-text\"> de &laquo;&nbsp;Les derniers rendez-vous ! J-10&nbsp;&raquo;<\/span><\/a><\/p>\n","protected":false},"author":2,"featured_media":0,"comment_status":"open","ping_status":"open","sticky":false,"template":"","format":"standard","meta":[],"categories":[29,1],"tags":[11,23,4,20,5,16],"_links":{"self":[{"href":"https:\/\/duventdanslesmots.org\/index.php\/wp-json\/wp\/v2\/posts\/1303"}],"collection":[{"href":"https:\/\/duventdanslesmots.org\/index.php\/wp-json\/wp\/v2\/posts"}],"about":[{"href":"https:\/\/duventdanslesmots.org\/index.php\/wp-json\/wp\/v2\/types\/post"}],"author":[{"embeddable":true,"href":"https:\/\/duventdanslesmots.org\/index.php\/wp-json\/wp\/v2\/users\/2"}],"replies":[{"embeddable":true,"href":"https:\/\/duventdanslesmots.org\/index.php\/wp-json\/wp\/v2\/comments?post=1303"}],"version-history":[{"count":8,"href":"https:\/\/duventdanslesmots.org\/index.php\/wp-json\/wp\/v2\/posts\/1303\/revisions"}],"predecessor-version":[{"id":1312,"href":"https:\/\/duventdanslesmots.org\/index.php\/wp-json\/wp\/v2\/posts\/1303\/revisions\/1312"}],"wp:attachment":[{"href":"https:\/\/duventdanslesmots.org\/index.php\/wp-json\/wp\/v2\/media?parent=1303"}],"wp:term":[{"taxonomy":"category","embeddable":true,"href":"https:\/\/duventdanslesmots.org\/index.php\/wp-json\/wp\/v2\/categories?post=1303"},{"taxonomy":"post_tag","embeddable":true,"href":"https:\/\/duventdanslesmots.org\/index.php\/wp-json\/wp\/v2\/tags?post=1303"}],"curies":[{"name":"wp","href":"https:\/\/api.w.org\/{rel}","templated":true}]}}