{"id":1788,"date":"2022-04-13T13:49:00","date_gmt":"2022-04-13T11:49:00","guid":{"rendered":"http:\/\/duventdanslesmots.org\/?p=1788"},"modified":"2022-04-13T14:57:00","modified_gmt":"2022-04-13T12:57:00","slug":"a-priori-on-se-trompe","status":"publish","type":"post","link":"https:\/\/duventdanslesmots.org\/index.php\/2022\/04\/13\/a-priori-on-se-trompe\/","title":{"rendered":"A priori ? On se trompe ?"},"content":{"rendered":"\n<p><strong>Ce samedi 16 avril, rendez-vous \u00e0 15h \u00e0 <a rel=\"noreferrer noopener\" href=\"https:\/\/www.facebook.com\/fabriquedusud\/\" target=\"_blank\">La Fabrique du Sud<\/a><\/strong><br>pour d\u00e9couvrir les textes et les photos r\u00e9alis\u00e9s par des jeunes de Lille Sud, sur les pr\u00e9jug\u00e9s racistes. Des regards sensibles et questionnant, une mise en lumi\u00e8re de l&rsquo;absurdit\u00e9.<br>La pr\u00e9sentation sera suivie d&rsquo;une discussion avec une sociologue.<\/p>\n\n\n\n<p>avec <a rel=\"noreferrer noopener\" href=\"https:\/\/laboratoiredhumanite.wordpress.com\/philosophie\/\" target=\"_blank\">Matthias Cr\u00e9pel<\/a>, \u00c9milie Da Lage, le <a rel=\"noreferrer noopener\" href=\"https:\/\/www.centre-social-lazare-garreau-lille.fr\/\" target=\"_blank\">Centre Social Lazare Garreau<\/a>, le <a rel=\"noreferrer noopener\" href=\"https:\/\/larbrisseau.com\/\" target=\"_blank\">Centre social et culturel de l&rsquo;Arbrisseau<\/a>, La <a rel=\"noreferrer noopener\" href=\"https:\/\/www.cheminrouge.fr\/\" target=\"_blank\">Maison du Chemin Rouge<\/a> et la <a rel=\"noreferrer noopener\" href=\"https:\/\/www.dilcrah.fr\/\" target=\"_blank\">DILCRAH<\/a><\/p>\n\n\n\n<div class=\"wp-block-image\"><figure class=\"alignleft size-large is-resized\"><img decoding=\"async\" loading=\"lazy\" src=\"http:\/\/duventdanslesmots.org\/wp-content\/uploads\/2022\/04\/IMG_7210-1024x958.jpg\" alt=\"\" class=\"wp-image-1791\" width=\"399\" height=\"372\" srcset=\"https:\/\/duventdanslesmots.org\/wp-content\/uploads\/2022\/04\/IMG_7210-1024x958.jpg 1024w, https:\/\/duventdanslesmots.org\/wp-content\/uploads\/2022\/04\/IMG_7210-300x281.jpg 300w, https:\/\/duventdanslesmots.org\/wp-content\/uploads\/2022\/04\/IMG_7210-1200x1123.jpg 1200w, https:\/\/duventdanslesmots.org\/wp-content\/uploads\/2022\/04\/IMG_7210.jpg 1280w\" sizes=\"(max-width: 399px) 85vw, 399px\" \/><\/figure><\/div>\n","protected":false},"excerpt":{"rendered":"<p>Ce samedi 16 avril, rendez-vous \u00e0 15h \u00e0 La Fabrique du Sudpour d\u00e9couvrir les textes et les photos r\u00e9alis\u00e9s par des jeunes de Lille Sud, sur les pr\u00e9jug\u00e9s racistes. Des regards sensibles et questionnant, une mise en lumi\u00e8re de l&rsquo;absurdit\u00e9.La pr\u00e9sentation sera suivie d&rsquo;une discussion avec une sociologue. avec Matthias Cr\u00e9pel, \u00c9milie Da Lage, le &hellip; <a href=\"https:\/\/duventdanslesmots.org\/index.php\/2022\/04\/13\/a-priori-on-se-trompe\/\" class=\"more-link\">Continuer la lecture<span class=\"screen-reader-text\"> de &laquo;&nbsp;A priori ? On se trompe ?&nbsp;&raquo;<\/span><\/a><\/p>\n","protected":false},"author":2,"featured_media":0,"comment_status":"open","ping_status":"open","sticky":false,"template":"","format":"standard","meta":[],"categories":[29],"tags":[17,6,20,36],"_links":{"self":[{"href":"https:\/\/duventdanslesmots.org\/index.php\/wp-json\/wp\/v2\/posts\/1788"}],"collection":[{"href":"https:\/\/duventdanslesmots.org\/index.php\/wp-json\/wp\/v2\/posts"}],"about":[{"href":"https:\/\/duventdanslesmots.org\/index.php\/wp-json\/wp\/v2\/types\/post"}],"author":[{"embeddable":true,"href":"https:\/\/duventdanslesmots.org\/index.php\/wp-json\/wp\/v2\/users\/2"}],"replies":[{"embeddable":true,"href":"https:\/\/duventdanslesmots.org\/index.php\/wp-json\/wp\/v2\/comments?post=1788"}],"version-history":[{"count":6,"href":"https:\/\/duventdanslesmots.org\/index.php\/wp-json\/wp\/v2\/posts\/1788\/revisions"}],"predecessor-version":[{"id":1802,"href":"https:\/\/duventdanslesmots.org\/index.php\/wp-json\/wp\/v2\/posts\/1788\/revisions\/1802"}],"wp:attachment":[{"href":"https:\/\/duventdanslesmots.org\/index.php\/wp-json\/wp\/v2\/media?parent=1788"}],"wp:term":[{"taxonomy":"category","embeddable":true,"href":"https:\/\/duventdanslesmots.org\/index.php\/wp-json\/wp\/v2\/categories?post=1788"},{"taxonomy":"post_tag","embeddable":true,"href":"https:\/\/duventdanslesmots.org\/index.php\/wp-json\/wp\/v2\/tags?post=1788"}],"curies":[{"name":"wp","href":"https:\/\/api.w.org\/{rel}","templated":true}]}}