{"id":2071,"date":"2022-11-12T18:11:39","date_gmt":"2022-11-12T17:11:39","guid":{"rendered":"http:\/\/duventdanslesmots.org\/?p=2071"},"modified":"2022-11-12T18:11:39","modified_gmt":"2022-11-12T17:11:39","slug":"je-suis-un-arbre","status":"publish","type":"post","link":"https:\/\/duventdanslesmots.org\/index.php\/2022\/11\/12\/je-suis-un-arbre\/","title":{"rendered":"Je suis un arbre ?"},"content":{"rendered":"\n<p>Dedans. Dehors. Aux racines du langage. Les histoires grandissent. Elles passent d&rsquo;une branche, \u00e0 l&rsquo;autre. De l&rsquo;air et de la brume.<\/p>\n\n\n\n<p>Ici samedi, avec Julia Galaski.<br>Des arbres ! Et des histoires.<br>Le prochain atelier a lieu samedi prochain, \u00e0 la m\u00e9diath\u00e8que de Lille Sud, de 14h30 \u00e0 16h30.<\/p>\n\n\n\n<figure class=\"wp-block-gallery has-nested-images columns-default is-cropped wp-block-gallery-1 is-layout-flex\">\n<figure class=\"wp-block-image size-large\"><img decoding=\"async\" loading=\"lazy\" width=\"1440\" height=\"1440\" data-id=\"2075\"  src=\"http:\/\/duventdanslesmots.org\/wp-content\/uploads\/2022\/11\/IMG_20221112_180237_862.webp\" alt=\"\" class=\"wp-image-2075\"\/><\/figure>\n\n\n\n<figure class=\"wp-block-image size-large\"><img decoding=\"async\" loading=\"lazy\" width=\"1440\" height=\"1440\" data-id=\"2077\"  src=\"http:\/\/duventdanslesmots.org\/wp-content\/uploads\/2022\/11\/IMG_20221112_180238_181.webp\" alt=\"\" class=\"wp-image-2077\"\/><\/figure>\n\n\n\n<figure class=\"wp-block-image size-large\"><img decoding=\"async\" loading=\"lazy\" width=\"1440\" height=\"1440\" data-id=\"2076\"  src=\"http:\/\/duventdanslesmots.org\/wp-content\/uploads\/2022\/11\/IMG_20221112_180237_925.webp\" alt=\"\" class=\"wp-image-2076\"\/><\/figure>\n\n\n\n<figure class=\"wp-block-image size-large\"><img decoding=\"async\" loading=\"lazy\" width=\"1440\" height=\"1440\" data-id=\"2073\"  src=\"http:\/\/duventdanslesmots.org\/wp-content\/uploads\/2022\/11\/IMG_20221112_180237_970.webp\" alt=\"\" class=\"wp-image-2073\"\/><\/figure>\n\n\n\n<figure class=\"wp-block-image size-large\"><img decoding=\"async\" loading=\"lazy\" width=\"1440\" height=\"1440\" data-id=\"2072\"  src=\"http:\/\/duventdanslesmots.org\/wp-content\/uploads\/2022\/11\/IMG_20221112_180238_025.webp\" alt=\"\" class=\"wp-image-2072\"\/><\/figure>\n\n\n\n<figure class=\"wp-block-image size-large\"><img decoding=\"async\" loading=\"lazy\" width=\"1305\" height=\"1305\" data-id=\"2074\"  src=\"http:\/\/duventdanslesmots.org\/wp-content\/uploads\/2022\/11\/IMG_20221112_180238_048.webp\" alt=\"\" class=\"wp-image-2074\"\/><\/figure>\n<\/figure>\n","protected":false},"excerpt":{"rendered":"<p>Dedans. Dehors. Aux racines du langage. Les histoires grandissent. Elles passent d&rsquo;une branche, \u00e0 l&rsquo;autre. De l&rsquo;air et de la brume. Ici samedi, avec Julia Galaski.Des arbres ! Et des histoires.Le prochain atelier a lieu samedi prochain, \u00e0 la m\u00e9diath\u00e8que de Lille Sud, de 14h30 \u00e0 16h30.<\/p>\n","protected":false},"author":2,"featured_media":0,"comment_status":"closed","ping_status":"","sticky":false,"template":"","format":"standard","meta":[],"categories":[29],"tags":[6,20,16],"_links":{"self":[{"href":"https:\/\/duventdanslesmots.org\/index.php\/wp-json\/wp\/v2\/posts\/2071"}],"collection":[{"href":"https:\/\/duventdanslesmots.org\/index.php\/wp-json\/wp\/v2\/posts"}],"about":[{"href":"https:\/\/duventdanslesmots.org\/index.php\/wp-json\/wp\/v2\/types\/post"}],"author":[{"embeddable":true,"href":"https:\/\/duventdanslesmots.org\/index.php\/wp-json\/wp\/v2\/users\/2"}],"replies":[{"embeddable":true,"href":"https:\/\/duventdanslesmots.org\/index.php\/wp-json\/wp\/v2\/comments?post=2071"}],"version-history":[{"count":1,"href":"https:\/\/duventdanslesmots.org\/index.php\/wp-json\/wp\/v2\/posts\/2071\/revisions"}],"predecessor-version":[{"id":2078,"href":"https:\/\/duventdanslesmots.org\/index.php\/wp-json\/wp\/v2\/posts\/2071\/revisions\/2078"}],"wp:attachment":[{"href":"https:\/\/duventdanslesmots.org\/index.php\/wp-json\/wp\/v2\/media?parent=2071"}],"wp:term":[{"taxonomy":"category","embeddable":true,"href":"https:\/\/duventdanslesmots.org\/index.php\/wp-json\/wp\/v2\/categories?post=2071"},{"taxonomy":"post_tag","embeddable":true,"href":"https:\/\/duventdanslesmots.org\/index.php\/wp-json\/wp\/v2\/tags?post=2071"}],"curies":[{"name":"wp","href":"https:\/\/api.w.org\/{rel}","templated":true}]}}