{"id":2168,"date":"2023-03-03T11:47:05","date_gmt":"2023-03-03T10:47:05","guid":{"rendered":"http:\/\/duventdanslesmots.org\/?p=2168"},"modified":"2023-03-03T11:47:05","modified_gmt":"2023-03-03T10:47:05","slug":"le-printemps-des-poetesses","status":"publish","type":"post","link":"https:\/\/duventdanslesmots.org\/index.php\/2023\/03\/03\/le-printemps-des-poetesses\/","title":{"rendered":"Le printemps des po\u00e9tesses"},"content":{"rendered":"\n<p class=\"has-text-align-left\"><em>L\u00e8ve-toi<br>La rue grouille de passants<br>Les gens se sont lev\u00e9s<br>\u00c9coute le vacarme de la vie<\/em><\/p>\n\n\n\n<p>L\u00e8ve-toi. <br>Les fronti\u00e8res ne sont jamais parties.<br>Nous ouvrons nos portes, nos fen\u00eatres et nos cahiers.<br>Un  grand sourire se dessine sur nos visages. <\/p>\n\n\n\n<p><strong>HALA MOHAMMAD, <\/strong>po\u00e9tesse et r\u00e9alisatrice n\u00e9e \u00e0 Lattaqui\u00e9, sur la c\u00f4te syrienne, nous rejoint pour cette \u00e9dition du printemps.<br>Nous vous invitons \u00e0 la rencontrer,<br>\u00e0 la m\u00e9diath\u00e8que de Lille-Sud :<\/p>\n\n\n\n<p>le <strong>MERCREDI 22 MARS <\/strong>de 10h \u00e0 12h<br>et le <strong>SAMEDI 25 MARS <\/strong>de 14h \u00e0 15h30<br>pour des <strong>ATELIERS D&rsquo;\u00c9CRITURE<\/strong><br>ouverts \u00e0 toutes et \u00e0 tous \u00e0 partir de 12 ans*<\/p>\n\n\n\n<p>le <strong>SAMEDI 25 MARS<\/strong> \u00e0 16h30<br>pour une <strong>LECTURE-PERFORMANCE <\/strong>DES TEXTES \u00e9crits en ateliers et dans la rue, \u00e0 deux voix, en musique et en corps<\/p>\n\n\n\n<p>*sur inscription aupr\u00e8s de l&rsquo;\u00e9quipe de la m\u00e9diath\u00e8que ou au 03.20.53.07.62<\/p>\n\n\n\n<figure class=\"wp-block-gallery has-nested-images columns-default is-cropped wp-block-gallery-1 is-layout-flex\">\n<figure class=\"wp-block-image size-large\"><img decoding=\"async\" loading=\"lazy\" width=\"672\" height=\"1024\" data-id=\"2171\"  src=\"http:\/\/duventdanslesmots.org\/wp-content\/uploads\/2023\/03\/La-Photo-Hala-1-672x1024.jpg\" alt=\"\" class=\"wp-image-2171\" srcset=\"https:\/\/duventdanslesmots.org\/wp-content\/uploads\/2023\/03\/La-Photo-Hala-1-672x1024.jpg 672w, https:\/\/duventdanslesmots.org\/wp-content\/uploads\/2023\/03\/La-Photo-Hala-1-197x300.jpg 197w, https:\/\/duventdanslesmots.org\/wp-content\/uploads\/2023\/03\/La-Photo-Hala-1-768x1171.jpg 768w, https:\/\/duventdanslesmots.org\/wp-content\/uploads\/2023\/03\/La-Photo-Hala-1-1008x1536.jpg 1008w, https:\/\/duventdanslesmots.org\/wp-content\/uploads\/2023\/03\/La-Photo-Hala-1-1200x1829.jpg 1200w, https:\/\/duventdanslesmots.org\/wp-content\/uploads\/2023\/03\/La-Photo-Hala-1.jpg 1312w\" sizes=\"(max-width: 709px) 85vw, (max-width: 909px) 67vw, (max-width: 984px) 61vw, (max-width: 1362px) 45vw, 600px\" \/><\/figure>\n\n\n\n<figure class=\"wp-block-image size-large\"><img decoding=\"async\" loading=\"lazy\" width=\"576\" height=\"1024\" data-id=\"2170\"  src=\"http:\/\/duventdanslesmots.org\/wp-content\/uploads\/2023\/03\/1677837064346-576x1024.jpg\" alt=\"\" class=\"wp-image-2170\" srcset=\"https:\/\/duventdanslesmots.org\/wp-content\/uploads\/2023\/03\/1677837064346-576x1024.jpg 576w, https:\/\/duventdanslesmots.org\/wp-content\/uploads\/2023\/03\/1677837064346-169x300.jpg 169w, https:\/\/duventdanslesmots.org\/wp-content\/uploads\/2023\/03\/1677837064346-768x1365.jpg 768w, https:\/\/duventdanslesmots.org\/wp-content\/uploads\/2023\/03\/1677837064346-864x1536.jpg 864w, https:\/\/duventdanslesmots.org\/wp-content\/uploads\/2023\/03\/1677837064346-1152x2048.jpg 1152w, https:\/\/duventdanslesmots.org\/wp-content\/uploads\/2023\/03\/1677837064346-1200x2133.jpg 1200w, https:\/\/duventdanslesmots.org\/wp-content\/uploads\/2023\/03\/1677837064346-1320x2347.jpg 1320w, https:\/\/duventdanslesmots.org\/wp-content\/uploads\/2023\/03\/1677837064346-scaled.jpg 1440w\" sizes=\"(max-width: 576px) 85vw, 576px\" \/><\/figure>\n<\/figure>\n\n\n\n<p><\/p>\n","protected":false},"excerpt":{"rendered":"<p>L\u00e8ve-toiLa rue grouille de passantsLes gens se sont lev\u00e9s\u00c9coute le vacarme de la vie L\u00e8ve-toi. Les fronti\u00e8res ne sont jamais parties.Nous ouvrons nos portes, nos fen\u00eatres et nos cahiers.Un grand sourire se dessine sur nos visages. HALA MOHAMMAD, po\u00e9tesse et r\u00e9alisatrice n\u00e9e \u00e0 Lattaqui\u00e9, sur la c\u00f4te syrienne, nous rejoint pour cette \u00e9dition du printemps.Nous &hellip; <a href=\"https:\/\/duventdanslesmots.org\/index.php\/2023\/03\/03\/le-printemps-des-poetesses\/\" class=\"more-link\">Continuer la lecture<span class=\"screen-reader-text\"> de &laquo;&nbsp;Le printemps des po\u00e9tesses&nbsp;&raquo;<\/span><\/a><\/p>\n","protected":false},"author":2,"featured_media":0,"comment_status":"closed","ping_status":"","sticky":false,"template":"","format":"standard","meta":[],"categories":[29],"tags":[31,4,20,8,5,16],"_links":{"self":[{"href":"https:\/\/duventdanslesmots.org\/index.php\/wp-json\/wp\/v2\/posts\/2168"}],"collection":[{"href":"https:\/\/duventdanslesmots.org\/index.php\/wp-json\/wp\/v2\/posts"}],"about":[{"href":"https:\/\/duventdanslesmots.org\/index.php\/wp-json\/wp\/v2\/types\/post"}],"author":[{"embeddable":true,"href":"https:\/\/duventdanslesmots.org\/index.php\/wp-json\/wp\/v2\/users\/2"}],"replies":[{"embeddable":true,"href":"https:\/\/duventdanslesmots.org\/index.php\/wp-json\/wp\/v2\/comments?post=2168"}],"version-history":[{"count":6,"href":"https:\/\/duventdanslesmots.org\/index.php\/wp-json\/wp\/v2\/posts\/2168\/revisions"}],"predecessor-version":[{"id":2177,"href":"https:\/\/duventdanslesmots.org\/index.php\/wp-json\/wp\/v2\/posts\/2168\/revisions\/2177"}],"wp:attachment":[{"href":"https:\/\/duventdanslesmots.org\/index.php\/wp-json\/wp\/v2\/media?parent=2168"}],"wp:term":[{"taxonomy":"category","embeddable":true,"href":"https:\/\/duventdanslesmots.org\/index.php\/wp-json\/wp\/v2\/categories?post=2168"},{"taxonomy":"post_tag","embeddable":true,"href":"https:\/\/duventdanslesmots.org\/index.php\/wp-json\/wp\/v2\/tags?post=2168"}],"curies":[{"name":"wp","href":"https:\/\/api.w.org\/{rel}","templated":true}]}}