{"id":226,"date":"2018-12-14T15:26:05","date_gmt":"2018-12-14T14:26:05","guid":{"rendered":"http:\/\/duventdanslesmots.org\/?p=226"},"modified":"2020-04-22T19:11:20","modified_gmt":"2020-04-22T17:11:20","slug":"une-maison-froide-ou-il-fait-chaud","status":"publish","type":"post","link":"https:\/\/duventdanslesmots.org\/index.php\/2018\/12\/14\/une-maison-froide-ou-il-fait-chaud\/","title":{"rendered":"Une maison froide o\u00f9 il fait chaud"},"content":{"rendered":"<p>L&rsquo;hiver se pointe. Dehors, dedans. La bu\u00e9e grandit \u00e0 chaque respiration. Histoires \u00e0 infuser. Le mot flocon ne tarderait m\u00eame pas \u00e0 danser sur le bout de la langue.<\/p>\n<p>A l&rsquo;heure du th\u00e9 br\u00fblant, les lectures et les chants du grand froid se partagent avec tous&#8230;<\/p>\n<p><strong>\u00e0 la salle Fran\u00e7ois Copp\u00e9e \u00e0 Lille-Sud<\/strong><br \/>\n<strong>le samedi 15 d\u00e9cembre de 14h \u00e0 16h<\/strong><\/p>\n<p><strong>au march\u00e9 de la place Vanhoenacker \u00e0 Lille-Moulins<\/strong><br \/>\n<strong>le mercredi 19 d\u00e9cembre de 15h30 \u00e0 18h30<\/strong><\/p>\n<p>Chaud, froid. Des mots tout doux, tout en haut d&rsquo;une montagne.<\/p>\n<p><img decoding=\"async\" loading=\"lazy\" class=\"alignnone wp-image-227 \" src=\"http:\/\/duventdanslesmots.org\/wp-content\/uploads\/2018\/12\/index-e1544797173364.jpeg\" alt=\"\" width=\"260\" height=\"308\" \/><\/p>\n","protected":false},"excerpt":{"rendered":"<p>L&rsquo;hiver se pointe. Dehors, dedans. La bu\u00e9e grandit \u00e0 chaque respiration. Histoires \u00e0 infuser. Le mot flocon ne tarderait m\u00eame pas \u00e0 danser sur le bout de la langue. A l&rsquo;heure du th\u00e9 br\u00fblant, les lectures et les chants du grand froid se partagent avec tous&#8230; \u00e0 la salle Fran\u00e7ois Copp\u00e9e \u00e0 Lille-Sud le samedi &hellip; <a href=\"https:\/\/duventdanslesmots.org\/index.php\/2018\/12\/14\/une-maison-froide-ou-il-fait-chaud\/\" class=\"more-link\">Continuer la lecture<span class=\"screen-reader-text\"> de &laquo;&nbsp;Une maison froide o\u00f9 il fait chaud&nbsp;&raquo;<\/span><\/a><\/p>\n","protected":false},"author":2,"featured_media":0,"comment_status":"open","ping_status":"open","sticky":false,"template":"","format":"standard","meta":[],"categories":[29],"tags":[11,15,5,16],"_links":{"self":[{"href":"https:\/\/duventdanslesmots.org\/index.php\/wp-json\/wp\/v2\/posts\/226"}],"collection":[{"href":"https:\/\/duventdanslesmots.org\/index.php\/wp-json\/wp\/v2\/posts"}],"about":[{"href":"https:\/\/duventdanslesmots.org\/index.php\/wp-json\/wp\/v2\/types\/post"}],"author":[{"embeddable":true,"href":"https:\/\/duventdanslesmots.org\/index.php\/wp-json\/wp\/v2\/users\/2"}],"replies":[{"embeddable":true,"href":"https:\/\/duventdanslesmots.org\/index.php\/wp-json\/wp\/v2\/comments?post=226"}],"version-history":[{"count":3,"href":"https:\/\/duventdanslesmots.org\/index.php\/wp-json\/wp\/v2\/posts\/226\/revisions"}],"predecessor-version":[{"id":230,"href":"https:\/\/duventdanslesmots.org\/index.php\/wp-json\/wp\/v2\/posts\/226\/revisions\/230"}],"wp:attachment":[{"href":"https:\/\/duventdanslesmots.org\/index.php\/wp-json\/wp\/v2\/media?parent=226"}],"wp:term":[{"taxonomy":"category","embeddable":true,"href":"https:\/\/duventdanslesmots.org\/index.php\/wp-json\/wp\/v2\/categories?post=226"},{"taxonomy":"post_tag","embeddable":true,"href":"https:\/\/duventdanslesmots.org\/index.php\/wp-json\/wp\/v2\/tags?post=226"}],"curies":[{"name":"wp","href":"https:\/\/api.w.org\/{rel}","templated":true}]}}