{"id":2285,"date":"2023-06-16T11:27:26","date_gmt":"2023-06-16T09:27:26","guid":{"rendered":"http:\/\/duventdanslesmots.org\/?p=2285"},"modified":"2023-06-16T11:27:26","modified_gmt":"2023-06-16T09:27:26","slug":"au-debut-du-voyage","status":"publish","type":"post","link":"https:\/\/duventdanslesmots.org\/index.php\/2023\/06\/16\/au-debut-du-voyage\/","title":{"rendered":"Au d\u00e9but du voyage"},"content":{"rendered":"\n<p>Au premier jour de l&rsquo;\u00e9t\u00e9, nous chercherons de l&rsquo;ombre au jardin des cultures, pour installer un transat et chanter. Vous viendrez ?<\/p>\n\n\n\n<p><em>La m\u00e9lodie des tuyaux<\/em><br>Le 21 juin de 16h30 \u00e0 18h30, \u00e0 Lille Sud<br>Au croisement de la rue Andr\u00e9 Gide et de l&rsquo;\u00e9pi de soil<\/p>\n\n\n\n<figure class=\"wp-block-gallery has-nested-images columns-default is-cropped wp-block-gallery-1 is-layout-flex\">\n<figure class=\"wp-block-image size-large\"><img decoding=\"async\" loading=\"lazy\" width=\"1440\" height=\"1440\" data-id=\"2288\"  src=\"http:\/\/duventdanslesmots.org\/wp-content\/uploads\/2023\/06\/IMG_20230616_111557_374.webp\" alt=\"\" class=\"wp-image-2288\"\/><\/figure>\n\n\n\n<figure class=\"wp-block-image size-large\"><img decoding=\"async\" loading=\"lazy\" width=\"1440\" height=\"1440\" data-id=\"2287\"  src=\"http:\/\/duventdanslesmots.org\/wp-content\/uploads\/2023\/06\/IMG_20230616_111557_499.webp\" alt=\"\" class=\"wp-image-2287\"\/><\/figure>\n\n\n\n<figure class=\"wp-block-image size-large\"><img decoding=\"async\" loading=\"lazy\" width=\"1440\" height=\"1440\" data-id=\"2286\"  src=\"http:\/\/duventdanslesmots.org\/wp-content\/uploads\/2023\/06\/IMG_20230616_111557_594.webp\" alt=\"\" class=\"wp-image-2286\"\/><\/figure>\n<\/figure>\n","protected":false},"excerpt":{"rendered":"<p>Au premier jour de l&rsquo;\u00e9t\u00e9, nous chercherons de l&rsquo;ombre au jardin des cultures, pour installer un transat et chanter. Vous viendrez ? La m\u00e9lodie des tuyauxLe 21 juin de 16h30 \u00e0 18h30, \u00e0 Lille SudAu croisement de la rue Andr\u00e9 Gide et de l&rsquo;\u00e9pi de soil<\/p>\n","protected":false},"author":2,"featured_media":0,"comment_status":"closed","ping_status":"","sticky":false,"template":"","format":"standard","meta":[],"categories":[29],"tags":[11,20,16],"_links":{"self":[{"href":"https:\/\/duventdanslesmots.org\/index.php\/wp-json\/wp\/v2\/posts\/2285"}],"collection":[{"href":"https:\/\/duventdanslesmots.org\/index.php\/wp-json\/wp\/v2\/posts"}],"about":[{"href":"https:\/\/duventdanslesmots.org\/index.php\/wp-json\/wp\/v2\/types\/post"}],"author":[{"embeddable":true,"href":"https:\/\/duventdanslesmots.org\/index.php\/wp-json\/wp\/v2\/users\/2"}],"replies":[{"embeddable":true,"href":"https:\/\/duventdanslesmots.org\/index.php\/wp-json\/wp\/v2\/comments?post=2285"}],"version-history":[{"count":1,"href":"https:\/\/duventdanslesmots.org\/index.php\/wp-json\/wp\/v2\/posts\/2285\/revisions"}],"predecessor-version":[{"id":2289,"href":"https:\/\/duventdanslesmots.org\/index.php\/wp-json\/wp\/v2\/posts\/2285\/revisions\/2289"}],"wp:attachment":[{"href":"https:\/\/duventdanslesmots.org\/index.php\/wp-json\/wp\/v2\/media?parent=2285"}],"wp:term":[{"taxonomy":"category","embeddable":true,"href":"https:\/\/duventdanslesmots.org\/index.php\/wp-json\/wp\/v2\/categories?post=2285"},{"taxonomy":"post_tag","embeddable":true,"href":"https:\/\/duventdanslesmots.org\/index.php\/wp-json\/wp\/v2\/tags?post=2285"}],"curies":[{"name":"wp","href":"https:\/\/api.w.org\/{rel}","templated":true}]}}