{"id":233,"date":"2019-01-04T17:31:54","date_gmt":"2019-01-04T16:31:54","guid":{"rendered":"http:\/\/duventdanslesmots.org\/?p=233"},"modified":"2020-04-22T19:11:13","modified_gmt":"2020-04-22T17:11:13","slug":"terre-de-vie","status":"publish","type":"post","link":"https:\/\/duventdanslesmots.org\/index.php\/2019\/01\/04\/terre-de-vie\/","title":{"rendered":"Terre de vie"},"content":{"rendered":"<p><img decoding=\"async\" loading=\"lazy\" class=\"alignnone wp-image-234 size-large\" src=\"http:\/\/duventdanslesmots.org\/wp-content\/uploads\/2019\/01\/\u00e9crire-avec-la-terre-1024x488.png\" alt=\"\" width=\"840\" height=\"400\" srcset=\"https:\/\/duventdanslesmots.org\/wp-content\/uploads\/2019\/01\/\u00e9crire-avec-la-terre-1024x488.png 1024w, https:\/\/duventdanslesmots.org\/wp-content\/uploads\/2019\/01\/\u00e9crire-avec-la-terre-300x143.png 300w, https:\/\/duventdanslesmots.org\/wp-content\/uploads\/2019\/01\/\u00e9crire-avec-la-terre-768x366.png 768w, https:\/\/duventdanslesmots.org\/wp-content\/uploads\/2019\/01\/\u00e9crire-avec-la-terre-1200x572.png 1200w, https:\/\/duventdanslesmots.org\/wp-content\/uploads\/2019\/01\/\u00e9crire-avec-la-terre-1320x629.png 1320w\" sizes=\"(max-width: 709px) 85vw, (max-width: 909px) 67vw, (max-width: 1362px) 62vw, 840px\" \/><\/p>\n<p><em>Commencer une nouvelle ann\u00e9e.<\/em><\/p>\n<p>Modeler. Remodeler. Construire, aplatir, reconstruire. Regarder, lire, dire et\u00a0 (d)\u00e9crire ce qui se passe. Surtout, ne se passer ni de la terre ni des mots.<\/p>\n<p>Nous sommes entr\u00e9es en 2019, au foyer du Flocon \u00e0 Tourcoing, avec des jeunes et un \u00e9lan particulier.<\/p>\n<p><em>Trois journ\u00e9es toutes neuves pour rencontrer et exp\u00e9rimenter la puissance sensible de l&rsquo;argile, dans une bien jolie danse avec les mots.<\/em><\/p>\n<p>Trois journ\u00e9es partag\u00e9es avec Emmanuelle Duguet, de <a href=\"https:\/\/linterstisse.wordpress.com\/expression-plastique\/\">L&rsquo;inter(s)tisse<\/a>.<\/p>\n<p>Trois journ\u00e9es \u00e0 malaxer, tripoter, caresser, gratter, former, dire, d\u00e9former, \u00e9taler, lire, recouvrir, d\u00e9couvrir, taper, \u00e9craser, \u00e9clater, sentir, ressentir, \u00e9crire, chanter, vibrer. Les oreilles au c\u0153ur, les yeux dans les mains.<\/p>\n<p>Jumana, du haut de ses 14 ans, dirait \u00ab\u00a0tr\u00e8s satisfaisant, c&rsquo;est tr\u00e8s tr\u00e8s satisfaisant\u00a0\u00bb.\u00a0 Assur\u00e9ment!<\/p>\n","protected":false},"excerpt":{"rendered":"<p>Commencer une nouvelle ann\u00e9e. Modeler. Remodeler. Construire, aplatir, reconstruire. Regarder, lire, dire et\u00a0 (d)\u00e9crire ce qui se passe. Surtout, ne se passer ni de la terre ni des mots. Nous sommes entr\u00e9es en 2019, au foyer du Flocon \u00e0 Tourcoing, avec des jeunes et un \u00e9lan particulier. Trois journ\u00e9es toutes neuves pour rencontrer et exp\u00e9rimenter &hellip; <a href=\"https:\/\/duventdanslesmots.org\/index.php\/2019\/01\/04\/terre-de-vie\/\" class=\"more-link\">Continuer la lecture<span class=\"screen-reader-text\"> de &laquo;&nbsp;Terre de vie&nbsp;&raquo;<\/span><\/a><\/p>\n","protected":false},"author":2,"featured_media":0,"comment_status":"open","ping_status":"open","sticky":false,"template":"","format":"standard","meta":[],"categories":[29],"tags":[17,18,6],"_links":{"self":[{"href":"https:\/\/duventdanslesmots.org\/index.php\/wp-json\/wp\/v2\/posts\/233"}],"collection":[{"href":"https:\/\/duventdanslesmots.org\/index.php\/wp-json\/wp\/v2\/posts"}],"about":[{"href":"https:\/\/duventdanslesmots.org\/index.php\/wp-json\/wp\/v2\/types\/post"}],"author":[{"embeddable":true,"href":"https:\/\/duventdanslesmots.org\/index.php\/wp-json\/wp\/v2\/users\/2"}],"replies":[{"embeddable":true,"href":"https:\/\/duventdanslesmots.org\/index.php\/wp-json\/wp\/v2\/comments?post=233"}],"version-history":[{"count":7,"href":"https:\/\/duventdanslesmots.org\/index.php\/wp-json\/wp\/v2\/posts\/233\/revisions"}],"predecessor-version":[{"id":252,"href":"https:\/\/duventdanslesmots.org\/index.php\/wp-json\/wp\/v2\/posts\/233\/revisions\/252"}],"wp:attachment":[{"href":"https:\/\/duventdanslesmots.org\/index.php\/wp-json\/wp\/v2\/media?parent=233"}],"wp:term":[{"taxonomy":"category","embeddable":true,"href":"https:\/\/duventdanslesmots.org\/index.php\/wp-json\/wp\/v2\/categories?post=233"},{"taxonomy":"post_tag","embeddable":true,"href":"https:\/\/duventdanslesmots.org\/index.php\/wp-json\/wp\/v2\/tags?post=233"}],"curies":[{"name":"wp","href":"https:\/\/api.w.org\/{rel}","templated":true}]}}