{"id":2340,"date":"2023-09-01T15:46:27","date_gmt":"2023-09-01T13:46:27","guid":{"rendered":"http:\/\/duventdanslesmots.org\/?p=2340"},"modified":"2023-09-13T10:55:47","modified_gmt":"2023-09-13T08:55:47","slug":"fete-du-livre-2","status":"publish","type":"post","link":"https:\/\/duventdanslesmots.org\/index.php\/2023\/09\/01\/fete-du-livre-2\/","title":{"rendered":"F\u00caTE DU LIVRE !"},"content":{"rendered":"\n<p>La f\u00eate attendait dans les cartons.<br>Que le soleil nous ait chauff\u00e9 les corps et les c\u0153urs.<br>Que la po\u00e9sie nous br\u00fble les doigts et les l\u00e8vres.<br>Que tout le monde soit rentr\u00e9.<br>Et ? \u00c7a y est ! Tout est pr\u00eat.<br><strong>DIMANCHE 10 SEPTEMBRE<\/strong>,<br>il y aura des histoires en musique, des cr\u00e9ations de livres, des espaces d&rsquo;expression, des voix, des chants, une librairie.<br>Et la joie de recevoir \u00e0 nouveau l&rsquo;illustratrice GHISLAINE HERB\u00c9RA qui animera un atelier.<\/p>\n\n\n\n<figure class=\"wp-block-image size-large is-resized\"><img decoding=\"async\" loading=\"lazy\" src=\"http:\/\/duventdanslesmots.org\/wp-content\/uploads\/2023\/09\/1000018492-1-724x1024.jpg\" alt=\"\" class=\"wp-image-2343\" width=\"365\" height=\"515\" srcset=\"https:\/\/duventdanslesmots.org\/wp-content\/uploads\/2023\/09\/1000018492-1-724x1024.jpg 724w, https:\/\/duventdanslesmots.org\/wp-content\/uploads\/2023\/09\/1000018492-1-212x300.jpg 212w, https:\/\/duventdanslesmots.org\/wp-content\/uploads\/2023\/09\/1000018492-1-768x1086.jpg 768w, https:\/\/duventdanslesmots.org\/wp-content\/uploads\/2023\/09\/1000018492-1-1086x1536.jpg 1086w, https:\/\/duventdanslesmots.org\/wp-content\/uploads\/2023\/09\/1000018492-1.jpg 1131w\" sizes=\"(max-width: 365px) 85vw, 365px\" \/><\/figure>\n","protected":false},"excerpt":{"rendered":"<p>La f\u00eate attendait dans les cartons.Que le soleil nous ait chauff\u00e9 les corps et les c\u0153urs.Que la po\u00e9sie nous br\u00fble les doigts et les l\u00e8vres.Que tout le monde soit rentr\u00e9.Et ? \u00c7a y est ! Tout est pr\u00eat.DIMANCHE 10 SEPTEMBRE,il y aura des histoires en musique, des cr\u00e9ations de livres, des espaces d&rsquo;expression, des voix, &hellip; <a href=\"https:\/\/duventdanslesmots.org\/index.php\/2023\/09\/01\/fete-du-livre-2\/\" class=\"more-link\">Continuer la lecture<span class=\"screen-reader-text\"> de &laquo;&nbsp;F\u00caTE DU LIVRE !&nbsp;&raquo;<\/span><\/a><\/p>\n","protected":false},"author":2,"featured_media":0,"comment_status":"closed","ping_status":"","sticky":false,"template":"","format":"standard","meta":[],"categories":[29],"tags":[6,11,15,20,5,16],"_links":{"self":[{"href":"https:\/\/duventdanslesmots.org\/index.php\/wp-json\/wp\/v2\/posts\/2340"}],"collection":[{"href":"https:\/\/duventdanslesmots.org\/index.php\/wp-json\/wp\/v2\/posts"}],"about":[{"href":"https:\/\/duventdanslesmots.org\/index.php\/wp-json\/wp\/v2\/types\/post"}],"author":[{"embeddable":true,"href":"https:\/\/duventdanslesmots.org\/index.php\/wp-json\/wp\/v2\/users\/2"}],"replies":[{"embeddable":true,"href":"https:\/\/duventdanslesmots.org\/index.php\/wp-json\/wp\/v2\/comments?post=2340"}],"version-history":[{"count":4,"href":"https:\/\/duventdanslesmots.org\/index.php\/wp-json\/wp\/v2\/posts\/2340\/revisions"}],"predecessor-version":[{"id":2364,"href":"https:\/\/duventdanslesmots.org\/index.php\/wp-json\/wp\/v2\/posts\/2340\/revisions\/2364"}],"wp:attachment":[{"href":"https:\/\/duventdanslesmots.org\/index.php\/wp-json\/wp\/v2\/media?parent=2340"}],"wp:term":[{"taxonomy":"category","embeddable":true,"href":"https:\/\/duventdanslesmots.org\/index.php\/wp-json\/wp\/v2\/categories?post=2340"},{"taxonomy":"post_tag","embeddable":true,"href":"https:\/\/duventdanslesmots.org\/index.php\/wp-json\/wp\/v2\/tags?post=2340"}],"curies":[{"name":"wp","href":"https:\/\/api.w.org\/{rel}","templated":true}]}}