{"id":2460,"date":"2023-12-15T20:06:25","date_gmt":"2023-12-15T19:06:25","guid":{"rendered":"http:\/\/duventdanslesmots.org\/?p=2460"},"modified":"2023-12-15T20:06:25","modified_gmt":"2023-12-15T19:06:25","slug":"oui","status":"publish","type":"post","link":"https:\/\/duventdanslesmots.org\/index.php\/2023\/12\/15\/oui\/","title":{"rendered":"Ou\u00ef."},"content":{"rendered":"\n<p>Un bain d&rsquo;\u00e9coute ? ici et maintenant &#8211; des ateliers d&rsquo;\u00e9criture et de cr\u00e9ation sonore<br>Avec Fr\u00e9d\u00e9rique Lamblin et Emma Prat,<br>les com\u00e9diens et com\u00e9diennes de la <a rel=\"noreferrer noopener\" href=\"https:\/\/quantalacompagnie.fr\/\" target=\"_blank\">Cie Quanta<\/a><\/p>\n\n\n\n<p>&#8230;<\/p>\n\n\n\n<p><em>Les sons du dehors, les sons du dedans, se pr\u00e9cipitent.<br>Ils m&rsquo;envahissent parfois. Se dispersent. Ressurgissent dans le silence.<br>Ils tracent des sillons dans mon int\u00e9rieur, dans mes relations.<br>Laisser les murmures ? Embrasser le brouhaha ?<br>Entendre. Tendre. Une oreille \u00e0 la fois.<br>Choisir d&rsquo;\u00e9couter. Et composer.\u00a0<br>La po\u00e9sie transforme.\u00a0<br>Tout arrive au tout.<\/em><\/p>\n\n\n\n<figure class=\"wp-block-gallery has-nested-images columns-default is-cropped wp-block-gallery-1 is-layout-flex\">\n<figure class=\"wp-block-image size-large\"><img decoding=\"async\" loading=\"lazy\" width=\"968\" height=\"968\" data-id=\"2465\"  src=\"http:\/\/duventdanslesmots.org\/wp-content\/uploads\/2023\/12\/1000023758.webp\" alt=\"\" class=\"wp-image-2465\"\/><\/figure>\n\n\n\n<figure class=\"wp-block-image size-large\"><img decoding=\"async\" loading=\"lazy\" width=\"1440\" height=\"1440\" data-id=\"2466\"  src=\"http:\/\/duventdanslesmots.org\/wp-content\/uploads\/2023\/12\/1000023759.webp\" alt=\"\" class=\"wp-image-2466\"\/><\/figure>\n\n\n\n<figure class=\"wp-block-image size-large\"><img decoding=\"async\" loading=\"lazy\" width=\"1440\" height=\"1440\" data-id=\"2462\"  src=\"http:\/\/duventdanslesmots.org\/wp-content\/uploads\/2023\/12\/1000023760.webp\" alt=\"\" class=\"wp-image-2462\"\/><\/figure>\n\n\n\n<figure class=\"wp-block-image size-large\"><img decoding=\"async\" loading=\"lazy\" width=\"1440\" height=\"1440\" data-id=\"2461\"  src=\"http:\/\/duventdanslesmots.org\/wp-content\/uploads\/2023\/12\/1000023761.webp\" alt=\"\" class=\"wp-image-2461\"\/><\/figure>\n\n\n\n<figure class=\"wp-block-image size-large\"><img decoding=\"async\" loading=\"lazy\" width=\"1440\" height=\"1440\" data-id=\"2464\"  src=\"http:\/\/duventdanslesmots.org\/wp-content\/uploads\/2023\/12\/1000023762.webp\" alt=\"\" class=\"wp-image-2464\"\/><\/figure>\n\n\n\n<figure class=\"wp-block-image size-large\"><img decoding=\"async\" loading=\"lazy\" width=\"1440\" height=\"1440\" data-id=\"2463\"  src=\"http:\/\/duventdanslesmots.org\/wp-content\/uploads\/2023\/12\/1000023763.webp\" alt=\"\" class=\"wp-image-2463\"\/><\/figure>\n<\/figure>\n\n\n\n<p><\/p>\n\n\n\n<p><\/p>\n\n\n\n<p><\/p>\n","protected":false},"excerpt":{"rendered":"<p>Un bain d&rsquo;\u00e9coute ? ici et maintenant &#8211; des ateliers d&rsquo;\u00e9criture et de cr\u00e9ation sonoreAvec Fr\u00e9d\u00e9rique Lamblin et Emma Prat,les com\u00e9diens et com\u00e9diennes de la Cie Quanta &#8230; Les sons du dehors, les sons du dedans, se pr\u00e9cipitent.Ils m&rsquo;envahissent parfois. Se dispersent. Ressurgissent dans le silence.Ils tracent des sillons dans mon int\u00e9rieur, dans mes relations.Laisser &hellip; <a href=\"https:\/\/duventdanslesmots.org\/index.php\/2023\/12\/15\/oui\/\" class=\"more-link\">Continuer la lecture<span class=\"screen-reader-text\"> de &laquo;&nbsp;Ou\u00ef.&nbsp;&raquo;<\/span><\/a><\/p>\n","protected":false},"author":2,"featured_media":0,"comment_status":"closed","ping_status":"","sticky":false,"template":"","format":"standard","meta":[],"categories":[29],"tags":[6,27,5],"_links":{"self":[{"href":"https:\/\/duventdanslesmots.org\/index.php\/wp-json\/wp\/v2\/posts\/2460"}],"collection":[{"href":"https:\/\/duventdanslesmots.org\/index.php\/wp-json\/wp\/v2\/posts"}],"about":[{"href":"https:\/\/duventdanslesmots.org\/index.php\/wp-json\/wp\/v2\/types\/post"}],"author":[{"embeddable":true,"href":"https:\/\/duventdanslesmots.org\/index.php\/wp-json\/wp\/v2\/users\/2"}],"replies":[{"embeddable":true,"href":"https:\/\/duventdanslesmots.org\/index.php\/wp-json\/wp\/v2\/comments?post=2460"}],"version-history":[{"count":1,"href":"https:\/\/duventdanslesmots.org\/index.php\/wp-json\/wp\/v2\/posts\/2460\/revisions"}],"predecessor-version":[{"id":2467,"href":"https:\/\/duventdanslesmots.org\/index.php\/wp-json\/wp\/v2\/posts\/2460\/revisions\/2467"}],"wp:attachment":[{"href":"https:\/\/duventdanslesmots.org\/index.php\/wp-json\/wp\/v2\/media?parent=2460"}],"wp:term":[{"taxonomy":"category","embeddable":true,"href":"https:\/\/duventdanslesmots.org\/index.php\/wp-json\/wp\/v2\/categories?post=2460"},{"taxonomy":"post_tag","embeddable":true,"href":"https:\/\/duventdanslesmots.org\/index.php\/wp-json\/wp\/v2\/tags?post=2460"}],"curies":[{"name":"wp","href":"https:\/\/api.w.org\/{rel}","templated":true}]}}