{"id":2545,"date":"2024-03-18T14:06:51","date_gmt":"2024-03-18T13:06:51","guid":{"rendered":"http:\/\/duventdanslesmots.org\/?p=2545"},"modified":"2024-03-18T14:35:00","modified_gmt":"2024-03-18T13:35:00","slug":"les-mots-poussent-aussi","status":"publish","type":"post","link":"https:\/\/duventdanslesmots.org\/index.php\/2024\/03\/18\/les-mots-poussent-aussi\/","title":{"rendered":"Les mots poussent aussi"},"content":{"rendered":"\n<p>On \u00e9crit, en fran\u00e7ais, de la gauche vers la droite,<br>\u00e0 contre-sens de l&rsquo;arabe. \u00c0 sa rencontre.<br>Les langues se jouent parfois du sens.<br>Elles nous invitent \u00e0 parcourir les chemins, en po\u00e9sie.<\/p>\n\n\n\n<p>On vous livre nos regards sur les langues,<br>ce samedi \u00e0 11h \u00e0 la m\u00e9diath\u00e8que de Lille-Sud.<\/p>\n\n\n\n<p>Chacune lira, \u00e0 haute voix, dans sa langue maternelle<br>et dans celle qu&rsquo;elle d\u00e9couvre encore.<\/p>\n\n\n\n<p>Avec<br>A\u00efcha, Halima, Fatima et Rabia de la maison du Chemin Rouge<br>Fr\u00e9d\u00e9rique Lamblin et Gilles Anquez, \u00e0 la musique<\/p>\n\n\n\n<figure class=\"wp-block-image size-large is-resized\"><img decoding=\"async\" loading=\"lazy\" src=\"http:\/\/duventdanslesmots.org\/wp-content\/uploads\/2024\/03\/Affiche-Nos-regards-sur-les-langues-724x1024.jpg\" alt=\"\" class=\"wp-image-2546\" width=\"481\" height=\"680\" srcset=\"https:\/\/duventdanslesmots.org\/wp-content\/uploads\/2024\/03\/Affiche-Nos-regards-sur-les-langues-724x1024.jpg 724w, https:\/\/duventdanslesmots.org\/wp-content\/uploads\/2024\/03\/Affiche-Nos-regards-sur-les-langues-212x300.jpg 212w, https:\/\/duventdanslesmots.org\/wp-content\/uploads\/2024\/03\/Affiche-Nos-regards-sur-les-langues-768x1086.jpg 768w, https:\/\/duventdanslesmots.org\/wp-content\/uploads\/2024\/03\/Affiche-Nos-regards-sur-les-langues-1086x1536.jpg 1086w, https:\/\/duventdanslesmots.org\/wp-content\/uploads\/2024\/03\/Affiche-Nos-regards-sur-les-langues-1448x2048.jpg 1448w, https:\/\/duventdanslesmots.org\/wp-content\/uploads\/2024\/03\/Affiche-Nos-regards-sur-les-langues-1200x1697.jpg 1200w, https:\/\/duventdanslesmots.org\/wp-content\/uploads\/2024\/03\/Affiche-Nos-regards-sur-les-langues-1320x1866.jpg 1320w, https:\/\/duventdanslesmots.org\/wp-content\/uploads\/2024\/03\/Affiche-Nos-regards-sur-les-langues-scaled.jpg 1811w\" sizes=\"(max-width: 481px) 85vw, 481px\" \/><\/figure>\n","protected":false},"excerpt":{"rendered":"<p>On \u00e9crit, en fran\u00e7ais, de la gauche vers la droite,\u00e0 contre-sens de l&rsquo;arabe. \u00c0 sa rencontre.Les langues se jouent parfois du sens.Elles nous invitent \u00e0 parcourir les chemins, en po\u00e9sie. On vous livre nos regards sur les langues,ce samedi \u00e0 11h \u00e0 la m\u00e9diath\u00e8que de Lille-Sud. Chacune lira, \u00e0 haute voix, dans sa langue maternelleet &hellip; <a href=\"https:\/\/duventdanslesmots.org\/index.php\/2024\/03\/18\/les-mots-poussent-aussi\/\" class=\"more-link\">Continuer la lecture<span class=\"screen-reader-text\"> de &laquo;&nbsp;Les mots poussent aussi&nbsp;&raquo;<\/span><\/a><\/p>\n","protected":false},"author":2,"featured_media":0,"comment_status":"closed","ping_status":"","sticky":false,"template":"","format":"standard","meta":[],"categories":[29],"tags":[6,4,20,5,16],"_links":{"self":[{"href":"https:\/\/duventdanslesmots.org\/index.php\/wp-json\/wp\/v2\/posts\/2545"}],"collection":[{"href":"https:\/\/duventdanslesmots.org\/index.php\/wp-json\/wp\/v2\/posts"}],"about":[{"href":"https:\/\/duventdanslesmots.org\/index.php\/wp-json\/wp\/v2\/types\/post"}],"author":[{"embeddable":true,"href":"https:\/\/duventdanslesmots.org\/index.php\/wp-json\/wp\/v2\/users\/2"}],"replies":[{"embeddable":true,"href":"https:\/\/duventdanslesmots.org\/index.php\/wp-json\/wp\/v2\/comments?post=2545"}],"version-history":[{"count":4,"href":"https:\/\/duventdanslesmots.org\/index.php\/wp-json\/wp\/v2\/posts\/2545\/revisions"}],"predecessor-version":[{"id":2550,"href":"https:\/\/duventdanslesmots.org\/index.php\/wp-json\/wp\/v2\/posts\/2545\/revisions\/2550"}],"wp:attachment":[{"href":"https:\/\/duventdanslesmots.org\/index.php\/wp-json\/wp\/v2\/media?parent=2545"}],"wp:term":[{"taxonomy":"category","embeddable":true,"href":"https:\/\/duventdanslesmots.org\/index.php\/wp-json\/wp\/v2\/categories?post=2545"},{"taxonomy":"post_tag","embeddable":true,"href":"https:\/\/duventdanslesmots.org\/index.php\/wp-json\/wp\/v2\/tags?post=2545"}],"curies":[{"name":"wp","href":"https:\/\/api.w.org\/{rel}","templated":true}]}}