{"id":2577,"date":"2024-04-22T12:35:01","date_gmt":"2024-04-22T10:35:01","guid":{"rendered":"http:\/\/duventdanslesmots.org\/?p=2577"},"modified":"2024-04-22T12:35:01","modified_gmt":"2024-04-22T10:35:01","slug":"la-grace-avant-les-vacances","status":"publish","type":"post","link":"https:\/\/duventdanslesmots.org\/index.php\/2024\/04\/22\/la-grace-avant-les-vacances\/","title":{"rendered":"La gr\u00e2ce avant les vacances."},"content":{"rendered":"\n<p>Le printemps des po\u00e8tes s&rsquo;est termin\u00e9 au lyc\u00e9e Gaston Berger de Lille, vendredi.<br>Les textes \u00e9crits en ateliers avec les \u00e9l\u00e8ves ont pris les chemins suspendus. Avec Claire Gouelleu et Gilles Anquez.<\/p>\n\n\n\n<p>\u00ab\u00a0Inspirer de la po\u00e9sie, c\u2019est comme vivre un miracle<br>\u00c9couter les gens, c\u2019est comme le soleil qui illumine<br>Pardonner les erreurs des autres, c\u2019est comme la douceur d\u2019une voix dans la nuit<br>Pour br\u00fbler tes peurs il te faut une patience profonde et souterraine<br>Merci aux gens qui doutent<br>et qui savent \u00e9couter<br>et que l\u2019on n\u2019entend pas toujours\u00a0\u00bb<\/p>\n\n\n\n<figure class=\"wp-block-gallery has-nested-images columns-default is-cropped wp-block-gallery-1 is-layout-flex\">\n<figure class=\"wp-block-image size-large\"><img decoding=\"async\" loading=\"lazy\" width=\"805\" height=\"805\" data-id=\"2580\"  src=\"http:\/\/duventdanslesmots.org\/wp-content\/uploads\/2024\/04\/1000028949.webp\" alt=\"\" class=\"wp-image-2580\"\/><\/figure>\n\n\n\n<figure class=\"wp-block-image size-large\"><img decoding=\"async\" loading=\"lazy\" width=\"1200\" height=\"1200\" data-id=\"2578\"  src=\"http:\/\/duventdanslesmots.org\/wp-content\/uploads\/2024\/04\/1000028948.webp\" alt=\"\" class=\"wp-image-2578\"\/><\/figure>\n\n\n\n<figure class=\"wp-block-image size-large\"><img decoding=\"async\" loading=\"lazy\" width=\"1055\" height=\"1055\" data-id=\"2579\"  src=\"http:\/\/duventdanslesmots.org\/wp-content\/uploads\/2024\/04\/1000028947.webp\" alt=\"\" class=\"wp-image-2579\"\/><\/figure>\n<\/figure>\n","protected":false},"excerpt":{"rendered":"<p>Le printemps des po\u00e8tes s&rsquo;est termin\u00e9 au lyc\u00e9e Gaston Berger de Lille, vendredi.Les textes \u00e9crits en ateliers avec les \u00e9l\u00e8ves ont pris les chemins suspendus. Avec Claire Gouelleu et Gilles Anquez. \u00ab\u00a0Inspirer de la po\u00e9sie, c\u2019est comme vivre un miracle\u00c9couter les gens, c\u2019est comme le soleil qui illuminePardonner les erreurs des autres, c\u2019est comme la &hellip; <a href=\"https:\/\/duventdanslesmots.org\/index.php\/2024\/04\/22\/la-grace-avant-les-vacances\/\" class=\"more-link\">Continuer la lecture<span class=\"screen-reader-text\"> de &laquo;&nbsp;La gr\u00e2ce avant les vacances.&nbsp;&raquo;<\/span><\/a><\/p>\n","protected":false},"author":2,"featured_media":0,"comment_status":"closed","ping_status":"","sticky":false,"template":"","format":"standard","meta":[],"categories":[29],"tags":[17,6,4,20,5],"_links":{"self":[{"href":"https:\/\/duventdanslesmots.org\/index.php\/wp-json\/wp\/v2\/posts\/2577"}],"collection":[{"href":"https:\/\/duventdanslesmots.org\/index.php\/wp-json\/wp\/v2\/posts"}],"about":[{"href":"https:\/\/duventdanslesmots.org\/index.php\/wp-json\/wp\/v2\/types\/post"}],"author":[{"embeddable":true,"href":"https:\/\/duventdanslesmots.org\/index.php\/wp-json\/wp\/v2\/users\/2"}],"replies":[{"embeddable":true,"href":"https:\/\/duventdanslesmots.org\/index.php\/wp-json\/wp\/v2\/comments?post=2577"}],"version-history":[{"count":1,"href":"https:\/\/duventdanslesmots.org\/index.php\/wp-json\/wp\/v2\/posts\/2577\/revisions"}],"predecessor-version":[{"id":2581,"href":"https:\/\/duventdanslesmots.org\/index.php\/wp-json\/wp\/v2\/posts\/2577\/revisions\/2581"}],"wp:attachment":[{"href":"https:\/\/duventdanslesmots.org\/index.php\/wp-json\/wp\/v2\/media?parent=2577"}],"wp:term":[{"taxonomy":"category","embeddable":true,"href":"https:\/\/duventdanslesmots.org\/index.php\/wp-json\/wp\/v2\/categories?post=2577"},{"taxonomy":"post_tag","embeddable":true,"href":"https:\/\/duventdanslesmots.org\/index.php\/wp-json\/wp\/v2\/tags?post=2577"}],"curies":[{"name":"wp","href":"https:\/\/api.w.org\/{rel}","templated":true}]}}