{"id":2598,"date":"2024-05-21T12:17:58","date_gmt":"2024-05-21T10:17:58","guid":{"rendered":"http:\/\/duventdanslesmots.org\/?p=2598"},"modified":"2024-05-21T12:17:58","modified_gmt":"2024-05-21T10:17:58","slug":"on-plante-des-mots","status":"publish","type":"post","link":"https:\/\/duventdanslesmots.org\/index.php\/2024\/05\/21\/on-plante-des-mots\/","title":{"rendered":"On plante des mots ?"},"content":{"rendered":"\n<p>Samedi, il fera doux. Juste ce qu&rsquo;il faut pour tra\u00eener au jardin et \u00e9couter des histoires qui font pousser les oreilles.  <\/p>\n\n\n\n<p>Quelle bonne id\u00e9e ce <a rel=\"noreferrer noopener\" href=\"https:\/\/www.lille.fr\/Evenements\/Festival-des-Jardins-de-Lille-Sud3\" target=\"_blank\">festival des jardins de Lille Sud<\/a> !<\/p>\n\n\n\n<figure class=\"wp-block-gallery has-nested-images columns-default is-cropped wp-block-gallery-1 is-layout-flex\">\n<figure class=\"wp-block-image size-large\"><img decoding=\"async\" loading=\"lazy\" width=\"730\" height=\"1024\" data-id=\"2600\"  src=\"http:\/\/duventdanslesmots.org\/wp-content\/uploads\/2024\/05\/festival-des-jardins-1-730x1024.jpg\" alt=\"\" class=\"wp-image-2600\" srcset=\"https:\/\/duventdanslesmots.org\/wp-content\/uploads\/2024\/05\/festival-des-jardins-1-730x1024.jpg 730w, https:\/\/duventdanslesmots.org\/wp-content\/uploads\/2024\/05\/festival-des-jardins-1-214x300.jpg 214w, https:\/\/duventdanslesmots.org\/wp-content\/uploads\/2024\/05\/festival-des-jardins-1-768x1078.jpg 768w, https:\/\/duventdanslesmots.org\/wp-content\/uploads\/2024\/05\/festival-des-jardins-1.jpg 828w\" sizes=\"(max-width: 709px) 85vw, (max-width: 909px) 67vw, (max-width: 984px) 61vw, (max-width: 1362px) 45vw, 600px\" \/><\/figure>\n\n\n\n<figure class=\"wp-block-image size-large\"><img decoding=\"async\" loading=\"lazy\" width=\"731\" height=\"1024\" data-id=\"2599\"  src=\"http:\/\/duventdanslesmots.org\/wp-content\/uploads\/2024\/05\/festival-des-jardins2-1-731x1024.jpg\" alt=\"\" class=\"wp-image-2599\" srcset=\"https:\/\/duventdanslesmots.org\/wp-content\/uploads\/2024\/05\/festival-des-jardins2-1-731x1024.jpg 731w, https:\/\/duventdanslesmots.org\/wp-content\/uploads\/2024\/05\/festival-des-jardins2-1-214x300.jpg 214w, https:\/\/duventdanslesmots.org\/wp-content\/uploads\/2024\/05\/festival-des-jardins2-1-768x1076.jpg 768w, https:\/\/duventdanslesmots.org\/wp-content\/uploads\/2024\/05\/festival-des-jardins2-1.jpg 828w\" sizes=\"(max-width: 709px) 85vw, (max-width: 909px) 67vw, (max-width: 984px) 61vw, (max-width: 1362px) 45vw, 600px\" \/><\/figure>\n\n\n\n<figure class=\"wp-block-image size-large\"><img decoding=\"async\" loading=\"lazy\" width=\"735\" height=\"1024\" data-id=\"2601\"  src=\"http:\/\/duventdanslesmots.org\/wp-content\/uploads\/2024\/05\/festival-des-jardins3-735x1024.jpg\" alt=\"\" class=\"wp-image-2601\" srcset=\"https:\/\/duventdanslesmots.org\/wp-content\/uploads\/2024\/05\/festival-des-jardins3-735x1024.jpg 735w, https:\/\/duventdanslesmots.org\/wp-content\/uploads\/2024\/05\/festival-des-jardins3-215x300.jpg 215w, https:\/\/duventdanslesmots.org\/wp-content\/uploads\/2024\/05\/festival-des-jardins3-768x1070.jpg 768w, https:\/\/duventdanslesmots.org\/wp-content\/uploads\/2024\/05\/festival-des-jardins3.jpg 828w\" sizes=\"(max-width: 709px) 85vw, (max-width: 909px) 67vw, (max-width: 984px) 61vw, (max-width: 1362px) 45vw, 600px\" \/><\/figure>\n<\/figure>\n","protected":false},"excerpt":{"rendered":"<p>Samedi, il fera doux. Juste ce qu&rsquo;il faut pour tra\u00eener au jardin et \u00e9couter des histoires qui font pousser les oreilles. Quelle bonne id\u00e9e ce festival des jardins de Lille Sud !<\/p>\n","protected":false},"author":2,"featured_media":0,"comment_status":"closed","ping_status":"","sticky":false,"template":"","format":"standard","meta":[],"categories":[29],"tags":[15,20,16],"_links":{"self":[{"href":"https:\/\/duventdanslesmots.org\/index.php\/wp-json\/wp\/v2\/posts\/2598"}],"collection":[{"href":"https:\/\/duventdanslesmots.org\/index.php\/wp-json\/wp\/v2\/posts"}],"about":[{"href":"https:\/\/duventdanslesmots.org\/index.php\/wp-json\/wp\/v2\/types\/post"}],"author":[{"embeddable":true,"href":"https:\/\/duventdanslesmots.org\/index.php\/wp-json\/wp\/v2\/users\/2"}],"replies":[{"embeddable":true,"href":"https:\/\/duventdanslesmots.org\/index.php\/wp-json\/wp\/v2\/comments?post=2598"}],"version-history":[{"count":1,"href":"https:\/\/duventdanslesmots.org\/index.php\/wp-json\/wp\/v2\/posts\/2598\/revisions"}],"predecessor-version":[{"id":2602,"href":"https:\/\/duventdanslesmots.org\/index.php\/wp-json\/wp\/v2\/posts\/2598\/revisions\/2602"}],"wp:attachment":[{"href":"https:\/\/duventdanslesmots.org\/index.php\/wp-json\/wp\/v2\/media?parent=2598"}],"wp:term":[{"taxonomy":"category","embeddable":true,"href":"https:\/\/duventdanslesmots.org\/index.php\/wp-json\/wp\/v2\/categories?post=2598"},{"taxonomy":"post_tag","embeddable":true,"href":"https:\/\/duventdanslesmots.org\/index.php\/wp-json\/wp\/v2\/tags?post=2598"}],"curies":[{"name":"wp","href":"https:\/\/api.w.org\/{rel}","templated":true}]}}