{"id":2607,"date":"2024-06-03T18:06:59","date_gmt":"2024-06-03T16:06:59","guid":{"rendered":"http:\/\/duventdanslesmots.org\/?p=2607"},"modified":"2024-06-03T18:08:37","modified_gmt":"2024-06-03T16:08:37","slug":"la-poesie-est-partout-et-sur-nos-pancartes","status":"publish","type":"post","link":"https:\/\/duventdanslesmots.org\/index.php\/2024\/06\/03\/la-poesie-est-partout-et-sur-nos-pancartes\/","title":{"rendered":"La po\u00e9sie est partout. Et sur nos pancartes."},"content":{"rendered":"\n<p>C&rsquo;est le retour du Fabuleux festival au Hangar(t) de Lille-Sud ! 9 jours de rencontres, de cr\u00e9ation, de festivit\u00e9s, autour de la lutte contre les discriminations LGBTQI+ <\/p>\n\n\n\n<p>Toute la programmation est ici : <a rel=\"noreferrer noopener\" href=\"https:\/\/www.facebook.com\/events\/380018825010206?ref=newsfeed\" target=\"_blank\">https:\/\/www.facebook.com\/events\/380018825010206?ref=newsfeed<\/a><\/p>\n\n\n\n<p>On vous y attend MERCREDI 5 JUIN \u00e0 17h pour un atelier d&rsquo;\u00e9criture de slogans politico-po\u00e9tiques et de cr\u00e9ations de pancartes. <\/p>\n\n\n\n<figure class=\"wp-block-image size-full\"><img decoding=\"async\" loading=\"lazy\" width=\"725\" height=\"350\" src=\"http:\/\/duventdanslesmots.org\/wp-content\/uploads\/2024\/06\/MANIF2-2.jpg\" alt=\"\" class=\"wp-image-2617\" srcset=\"https:\/\/duventdanslesmots.org\/wp-content\/uploads\/2024\/06\/MANIF2-2.jpg 725w, https:\/\/duventdanslesmots.org\/wp-content\/uploads\/2024\/06\/MANIF2-2-300x145.jpg 300w\" sizes=\"(max-width: 709px) 85vw, (max-width: 909px) 67vw, (max-width: 984px) 61vw, (max-width: 1362px) 45vw, 600px\" \/><\/figure>\n","protected":false},"excerpt":{"rendered":"<p>C&rsquo;est le retour du Fabuleux festival au Hangar(t) de Lille-Sud ! 9 jours de rencontres, de cr\u00e9ation, de festivit\u00e9s, autour de la lutte contre les discriminations LGBTQI+ Toute la programmation est ici : https:\/\/www.facebook.com\/events\/380018825010206?ref=newsfeed On vous y attend MERCREDI 5 JUIN \u00e0 17h pour un atelier d&rsquo;\u00e9criture de slogans politico-po\u00e9tiques et de cr\u00e9ations de pancartes.<\/p>\n","protected":false},"author":2,"featured_media":0,"comment_status":"closed","ping_status":"","sticky":false,"template":"","format":"standard","meta":[],"categories":[29],"tags":[6,20,5,16],"_links":{"self":[{"href":"https:\/\/duventdanslesmots.org\/index.php\/wp-json\/wp\/v2\/posts\/2607"}],"collection":[{"href":"https:\/\/duventdanslesmots.org\/index.php\/wp-json\/wp\/v2\/posts"}],"about":[{"href":"https:\/\/duventdanslesmots.org\/index.php\/wp-json\/wp\/v2\/types\/post"}],"author":[{"embeddable":true,"href":"https:\/\/duventdanslesmots.org\/index.php\/wp-json\/wp\/v2\/users\/2"}],"replies":[{"embeddable":true,"href":"https:\/\/duventdanslesmots.org\/index.php\/wp-json\/wp\/v2\/comments?post=2607"}],"version-history":[{"count":5,"href":"https:\/\/duventdanslesmots.org\/index.php\/wp-json\/wp\/v2\/posts\/2607\/revisions"}],"predecessor-version":[{"id":2619,"href":"https:\/\/duventdanslesmots.org\/index.php\/wp-json\/wp\/v2\/posts\/2607\/revisions\/2619"}],"wp:attachment":[{"href":"https:\/\/duventdanslesmots.org\/index.php\/wp-json\/wp\/v2\/media?parent=2607"}],"wp:term":[{"taxonomy":"category","embeddable":true,"href":"https:\/\/duventdanslesmots.org\/index.php\/wp-json\/wp\/v2\/categories?post=2607"},{"taxonomy":"post_tag","embeddable":true,"href":"https:\/\/duventdanslesmots.org\/index.php\/wp-json\/wp\/v2\/tags?post=2607"}],"curies":[{"name":"wp","href":"https:\/\/api.w.org\/{rel}","templated":true}]}}