{"id":2664,"date":"2024-07-01T12:36:34","date_gmt":"2024-07-01T10:36:34","guid":{"rendered":"https:\/\/duventdanslesmots.org\/?p=2664"},"modified":"2024-07-01T12:36:34","modified_gmt":"2024-07-01T10:36:34","slug":"delier-les-langues","status":"publish","type":"post","link":"https:\/\/duventdanslesmots.org\/index.php\/2024\/07\/01\/delier-les-langues\/","title":{"rendered":"D\u00e9lier les langues"},"content":{"rendered":"\n<p>Au pied de mon arbre j\u2019attends Fatima, fatigu\u00e9.<br>J\u2019attends une lettre et le soir tomber.<br>J\u2019attends mes enfants.<br>Au pied de mon arbre, j\u2019attends de comprendre.<br><br>Avec la compagnie de la minuscule m\u00e9canique et les apprenant.es des cours de FLE de l&rsquo;espace Part\u2019\u00e2ge Jos\u00e9phine Baker \u00e0 Bailleul, nous avons partag\u00e9 nos mots et nos voix.<br><br>Nous avons d\u00e9li\u00e9 nos langues pour raconter des choses d\u2019ici et d\u2019ailleurs, des choses r\u00e9elles ou r\u00eav\u00e9es, des choses de soi, des choses de l\u2019autre. Mais surtout, nous nous sommes accord\u00e9.es pour faire r\u00e9sonner et s\u2019envoler un air polyphonique. Pourvu qu\u2019il r\u00e9siste aux temp\u00eates actuelles\u2026<br><\/p>\n\n\n\n<figure class=\"wp-block-image size-large\"><img decoding=\"async\" loading=\"lazy\" width=\"1024\" height=\"1024\" src=\"https:\/\/duventdanslesmots.org\/wp-content\/uploads\/2024\/07\/1719825838154-1024x1024.jpg\" alt=\"\" class=\"wp-image-2668\" srcset=\"https:\/\/duventdanslesmots.org\/wp-content\/uploads\/2024\/07\/1719825838154-1024x1024.jpg 1024w, https:\/\/duventdanslesmots.org\/wp-content\/uploads\/2024\/07\/1719825838154-300x300.jpg 300w, https:\/\/duventdanslesmots.org\/wp-content\/uploads\/2024\/07\/1719825838154-150x150.jpg 150w, https:\/\/duventdanslesmots.org\/wp-content\/uploads\/2024\/07\/1719825838154-768x768.jpg 768w, https:\/\/duventdanslesmots.org\/wp-content\/uploads\/2024\/07\/1719825838154-1536x1536.jpg 1536w, https:\/\/duventdanslesmots.org\/wp-content\/uploads\/2024\/07\/1719825838154-2048x2048.jpg 2048w, https:\/\/duventdanslesmots.org\/wp-content\/uploads\/2024\/07\/1719825838154-1200x1200.jpg 1200w, https:\/\/duventdanslesmots.org\/wp-content\/uploads\/2024\/07\/1719825838154-1320x1320.jpg 1320w\" sizes=\"(max-width: 709px) 85vw, (max-width: 909px) 67vw, (max-width: 1362px) 62vw, 840px\" \/><\/figure>\n","protected":false},"excerpt":{"rendered":"<p>Au pied de mon arbre j\u2019attends Fatima, fatigu\u00e9.J\u2019attends une lettre et le soir tomber.J\u2019attends mes enfants.Au pied de mon arbre, j\u2019attends de comprendre. Avec la compagnie de la minuscule m\u00e9canique et les apprenant.es des cours de FLE de l&rsquo;espace Part\u2019\u00e2ge Jos\u00e9phine Baker \u00e0 Bailleul, nous avons partag\u00e9 nos mots et nos voix. Nous avons d\u00e9li\u00e9 &hellip; <a href=\"https:\/\/duventdanslesmots.org\/index.php\/2024\/07\/01\/delier-les-langues\/\" class=\"more-link\">Continuer la lecture<span class=\"screen-reader-text\"> de &laquo;&nbsp;D\u00e9lier les langues&nbsp;&raquo;<\/span><\/a><\/p>\n","protected":false},"author":7,"featured_media":0,"comment_status":"closed","ping_status":"","sticky":false,"template":"","format":"standard","meta":[],"categories":[1],"tags":[],"_links":{"self":[{"href":"https:\/\/duventdanslesmots.org\/index.php\/wp-json\/wp\/v2\/posts\/2664"}],"collection":[{"href":"https:\/\/duventdanslesmots.org\/index.php\/wp-json\/wp\/v2\/posts"}],"about":[{"href":"https:\/\/duventdanslesmots.org\/index.php\/wp-json\/wp\/v2\/types\/post"}],"author":[{"embeddable":true,"href":"https:\/\/duventdanslesmots.org\/index.php\/wp-json\/wp\/v2\/users\/7"}],"replies":[{"embeddable":true,"href":"https:\/\/duventdanslesmots.org\/index.php\/wp-json\/wp\/v2\/comments?post=2664"}],"version-history":[{"count":4,"href":"https:\/\/duventdanslesmots.org\/index.php\/wp-json\/wp\/v2\/posts\/2664\/revisions"}],"predecessor-version":[{"id":2671,"href":"https:\/\/duventdanslesmots.org\/index.php\/wp-json\/wp\/v2\/posts\/2664\/revisions\/2671"}],"wp:attachment":[{"href":"https:\/\/duventdanslesmots.org\/index.php\/wp-json\/wp\/v2\/media?parent=2664"}],"wp:term":[{"taxonomy":"category","embeddable":true,"href":"https:\/\/duventdanslesmots.org\/index.php\/wp-json\/wp\/v2\/categories?post=2664"},{"taxonomy":"post_tag","embeddable":true,"href":"https:\/\/duventdanslesmots.org\/index.php\/wp-json\/wp\/v2\/tags?post=2664"}],"curies":[{"name":"wp","href":"https:\/\/api.w.org\/{rel}","templated":true}]}}