{"id":2752,"date":"2024-12-20T12:08:32","date_gmt":"2024-12-20T11:08:32","guid":{"rendered":"https:\/\/duventdanslesmots.org\/?p=2752"},"modified":"2024-12-20T12:08:32","modified_gmt":"2024-12-20T11:08:32","slug":"histoires-den-decoudre","status":"publish","type":"post","link":"https:\/\/duventdanslesmots.org\/index.php\/2024\/12\/20\/histoires-den-decoudre\/","title":{"rendered":"Histoires d&rsquo;en (D\u00e9)coudre"},"content":{"rendered":"\n<p>Des livres sans mots<br>Faits de mains et d&rsquo;\u00e2mes<br>Des fragments de vies reli\u00e9s<\/p>\n\n\n\n<p>Fragiles et doux, des secrets suspendus \u00e0 un fil<br>Des univers entiers \u00e0 caresser, \u00e0 renifler, \u00e0 explorer, \u00e0 raconter, \u00e0 r\u00eaver<\/p>\n\n\n\n<p>Parents et enfants de Lille Sud ont tiss\u00e9s de nouveaux souvenirs communs en cr\u00e9ant des histoires en tissu<\/p>\n\n\n\n<figure class=\"wp-block-gallery has-nested-images columns-default is-cropped wp-block-gallery-1 is-layout-flex\">\n<figure class=\"wp-block-image size-medium\"><img decoding=\"async\" loading=\"lazy\" width=\"300\" height=\"225\" data-id=\"2755\"  src=\"https:\/\/duventdanslesmots.org\/wp-content\/uploads\/2024\/12\/1734691348236-300x225.jpg\" alt=\"\" class=\"wp-image-2755\" srcset=\"https:\/\/duventdanslesmots.org\/wp-content\/uploads\/2024\/12\/1734691348236-300x225.jpg 300w, https:\/\/duventdanslesmots.org\/wp-content\/uploads\/2024\/12\/1734691348236-1024x768.jpg 1024w, https:\/\/duventdanslesmots.org\/wp-content\/uploads\/2024\/12\/1734691348236-768x576.jpg 768w, https:\/\/duventdanslesmots.org\/wp-content\/uploads\/2024\/12\/1734691348236-1536x1152.jpg 1536w, https:\/\/duventdanslesmots.org\/wp-content\/uploads\/2024\/12\/1734691348236-2048x1536.jpg 2048w, https:\/\/duventdanslesmots.org\/wp-content\/uploads\/2024\/12\/1734691348236-1200x900.jpg 1200w, https:\/\/duventdanslesmots.org\/wp-content\/uploads\/2024\/12\/1734691348236-1320x990.jpg 1320w\" sizes=\"(max-width: 300px) 85vw, 300px\" \/><\/figure>\n<\/figure>\n\n\n\n<figure class=\"wp-block-gallery has-nested-images columns-default is-cropped wp-block-gallery-3 is-layout-flex\"><\/figure>\n","protected":false},"excerpt":{"rendered":"<p>Des livres sans motsFaits de mains et d&rsquo;\u00e2mesDes fragments de vies reli\u00e9s Fragiles et doux, des secrets suspendus \u00e0 un filDes univers entiers \u00e0 caresser, \u00e0 renifler, \u00e0 explorer, \u00e0 raconter, \u00e0 r\u00eaver Parents et enfants de Lille Sud ont tiss\u00e9s de nouveaux souvenirs communs en cr\u00e9ant des histoires en tissu<\/p>\n","protected":false},"author":7,"featured_media":0,"comment_status":"closed","ping_status":"","sticky":false,"template":"","format":"standard","meta":[],"categories":[29],"tags":[25,20,14],"_links":{"self":[{"href":"https:\/\/duventdanslesmots.org\/index.php\/wp-json\/wp\/v2\/posts\/2752"}],"collection":[{"href":"https:\/\/duventdanslesmots.org\/index.php\/wp-json\/wp\/v2\/posts"}],"about":[{"href":"https:\/\/duventdanslesmots.org\/index.php\/wp-json\/wp\/v2\/types\/post"}],"author":[{"embeddable":true,"href":"https:\/\/duventdanslesmots.org\/index.php\/wp-json\/wp\/v2\/users\/7"}],"replies":[{"embeddable":true,"href":"https:\/\/duventdanslesmots.org\/index.php\/wp-json\/wp\/v2\/comments?post=2752"}],"version-history":[{"count":2,"href":"https:\/\/duventdanslesmots.org\/index.php\/wp-json\/wp\/v2\/posts\/2752\/revisions"}],"predecessor-version":[{"id":2758,"href":"https:\/\/duventdanslesmots.org\/index.php\/wp-json\/wp\/v2\/posts\/2752\/revisions\/2758"}],"wp:attachment":[{"href":"https:\/\/duventdanslesmots.org\/index.php\/wp-json\/wp\/v2\/media?parent=2752"}],"wp:term":[{"taxonomy":"category","embeddable":true,"href":"https:\/\/duventdanslesmots.org\/index.php\/wp-json\/wp\/v2\/categories?post=2752"},{"taxonomy":"post_tag","embeddable":true,"href":"https:\/\/duventdanslesmots.org\/index.php\/wp-json\/wp\/v2\/tags?post=2752"}],"curies":[{"name":"wp","href":"https:\/\/api.w.org\/{rel}","templated":true}]}}