{"id":3053,"date":"2026-09-04T16:06:42","date_gmt":"2026-09-04T14:06:42","guid":{"rendered":"https:\/\/duventdanslesmots.org\/?p=3053"},"modified":"2026-09-04T16:06:42","modified_gmt":"2026-09-04T14:06:42","slug":"fete-du-livre-5","status":"publish","type":"post","link":"https:\/\/duventdanslesmots.org\/index.php\/2026\/09\/04\/fete-du-livre-5\/","title":{"rendered":"F\u00eate du Livre"},"content":{"rendered":"\n<p>Ouvrez vos agendas, on se retrouve le <strong>samedi 12 septembre<\/strong> pour la f\u00eate du livre !<br><br>Au programme, de 14h \u00e0 18h : <br>&#8211; des lectures en veux-tu, en voil\u00e0, mass\u00e9es, chuchot\u00e9es ou en musique ! <br>&#8211; des ateliers pour d\u00e9couvrir les techniques d\u2019impression, fabriquer un livre et jouer avec les mots <br>&#8211; un go\u00fbter partag\u00e9 <br>&#8211; une grande braderie de livres <br>&#8211; la fresque de quartier \u00e0 inaugurer ! <br><br>C\u2019est gratuit, pour tous et toutes, petit\u2022es et grand\u2022es ! <br><br>On f\u00eate le livre avec tous nos joyeux partenaires : le r\u00e9seau des m\u00e9diath\u00e8ques de Lille, les associations du quartier (APPC, Paroles d\u2019habitants, Temps de jeux, Felikso, Lille Sud Insertion) mais \u00e9galement de chouettes artistes que sont l\u2019atelier du Zing et FannyP Gravure. <br><br><img decoding=\"async\" loading=\"lazy\" width=\"800\" height=\"1156\" class=\"wp-image-3056\" style=\"width: 600px;\" src=\"http:\/\/duventdanslesmots.org\/wp-content\/uploads\/2026\/09\/FeteDuLivre-2026.jpg\" alt=\"\" srcset=\"https:\/\/duventdanslesmots.org\/wp-content\/uploads\/2026\/09\/FeteDuLivre-2026.jpg 800w, https:\/\/duventdanslesmots.org\/wp-content\/uploads\/2026\/09\/FeteDuLivre-2026-208x300.jpg 208w, https:\/\/duventdanslesmots.org\/wp-content\/uploads\/2026\/09\/FeteDuLivre-2026-709x1024.jpg 709w, https:\/\/duventdanslesmots.org\/wp-content\/uploads\/2026\/09\/FeteDuLivre-2026-768x1110.jpg 768w\" sizes=\"(max-width: 709px) 85vw, (max-width: 909px) 67vw, (max-width: 984px) 61vw, (max-width: 1362px) 45vw, 600px\" \/><\/p>\n","protected":false},"excerpt":{"rendered":"<p>Ouvrez vos agendas, on se retrouve le samedi 12 septembre pour la f\u00eate du livre ! Au programme, de 14h \u00e0 18h : &#8211; des lectures en veux-tu, en voil\u00e0, mass\u00e9es, chuchot\u00e9es ou en musique ! &#8211; des ateliers pour d\u00e9couvrir les techniques d\u2019impression, fabriquer un livre et jouer avec les mots &#8211; un go\u00fbter &hellip; <a href=\"https:\/\/duventdanslesmots.org\/index.php\/2026\/09\/04\/fete-du-livre-5\/\" class=\"more-link\">Continuer la lecture<span class=\"screen-reader-text\"> de &laquo;&nbsp;F\u00eate du Livre&nbsp;&raquo;<\/span><\/a><\/p>\n","protected":false},"author":1,"featured_media":0,"comment_status":"closed","ping_status":"","sticky":false,"template":"","format":"standard","meta":[],"categories":[1],"tags":[19,20],"_links":{"self":[{"href":"https:\/\/duventdanslesmots.org\/index.php\/wp-json\/wp\/v2\/posts\/3053"}],"collection":[{"href":"https:\/\/duventdanslesmots.org\/index.php\/wp-json\/wp\/v2\/posts"}],"about":[{"href":"https:\/\/duventdanslesmots.org\/index.php\/wp-json\/wp\/v2\/types\/post"}],"author":[{"embeddable":true,"href":"https:\/\/duventdanslesmots.org\/index.php\/wp-json\/wp\/v2\/users\/1"}],"replies":[{"embeddable":true,"href":"https:\/\/duventdanslesmots.org\/index.php\/wp-json\/wp\/v2\/comments?post=3053"}],"version-history":[{"count":2,"href":"https:\/\/duventdanslesmots.org\/index.php\/wp-json\/wp\/v2\/posts\/3053\/revisions"}],"predecessor-version":[{"id":3057,"href":"https:\/\/duventdanslesmots.org\/index.php\/wp-json\/wp\/v2\/posts\/3053\/revisions\/3057"}],"wp:attachment":[{"href":"https:\/\/duventdanslesmots.org\/index.php\/wp-json\/wp\/v2\/media?parent=3053"}],"wp:term":[{"taxonomy":"category","embeddable":true,"href":"https:\/\/duventdanslesmots.org\/index.php\/wp-json\/wp\/v2\/categories?post=3053"},{"taxonomy":"post_tag","embeddable":true,"href":"https:\/\/duventdanslesmots.org\/index.php\/wp-json\/wp\/v2\/tags?post=3053"}],"curies":[{"name":"wp","href":"https:\/\/api.w.org\/{rel}","templated":true}]}}