{"id":376,"date":"2019-05-09T15:02:45","date_gmt":"2019-05-09T13:02:45","guid":{"rendered":"http:\/\/duventdanslesmots.org\/?p=376"},"modified":"2020-04-22T19:09:50","modified_gmt":"2020-04-22T17:09:50","slug":"les-langues-delient-les-mots","status":"publish","type":"post","link":"https:\/\/duventdanslesmots.org\/index.php\/2019\/05\/09\/les-langues-delient-les-mots\/","title":{"rendered":"Les langues d\u00e9lient les mots"},"content":{"rendered":"\n<p>Regarder, lire, dire et partager le monde. Ouvrir nos valeurs. Et d\u00e9cider de prendre ensemble le chemin de la po\u00e9sie. <\/p>\n\n\n\n<p>Les langues d\u00e9lient les mots. Elles approchent un espace commun, distancent une v\u00e9rit\u00e9 fig\u00e9e, invitent \u00e0 accueillir l&rsquo;\u00e9tranger, aux portes de la diversit\u00e9 et d&rsquo;un monde meilleur.<\/p>\n\n\n\n<p>Libert\u00e9, \u00e9galit\u00e9, fraternit\u00e9. Ou la r\u00e9sonance po\u00e9tique des valeurs de la R\u00e9publique. Retour en image et en son sur des ateliers d&rsquo;\u00e9criture men\u00e9s avec des femmes, des hommes, des enfants, des humains de Lille-Sud.<br><\/p>\n\n\n\n<figure class=\"wp-block-embed-vimeo wp-block-embed is-type-video is-provider-vimeo wp-embed-aspect-16-9 wp-has-aspect-ratio\"><div class=\"wp-block-embed__wrapper\">\n<iframe loading=\"lazy\" src=\"https:\/\/player.vimeo.com\/video\/335099444?dnt=1&#038;app_id=122963\" width=\"840\" height=\"473\" frameborder=\"0\" title=\"R&eacute;publique de la po&eacute;sie\" allow=\"autoplay; fullscreen\" allowfullscreen><\/iframe>\n<\/div><\/figure>\n","protected":false},"excerpt":{"rendered":"<p>Regarder, lire, dire et partager le monde. Ouvrir nos valeurs. Et d\u00e9cider de prendre ensemble le chemin de la po\u00e9sie. Les langues d\u00e9lient les mots. Elles approchent un espace commun, distancent une v\u00e9rit\u00e9 fig\u00e9e, invitent \u00e0 accueillir l&rsquo;\u00e9tranger, aux portes de la diversit\u00e9 et d&rsquo;un monde meilleur. Libert\u00e9, \u00e9galit\u00e9, fraternit\u00e9. Ou la r\u00e9sonance po\u00e9tique des &hellip; <a href=\"https:\/\/duventdanslesmots.org\/index.php\/2019\/05\/09\/les-langues-delient-les-mots\/\" class=\"more-link\">Continuer la lecture<span class=\"screen-reader-text\"> de &laquo;&nbsp;Les langues d\u00e9lient les mots&nbsp;&raquo;<\/span><\/a><\/p>\n","protected":false},"author":2,"featured_media":0,"comment_status":"open","ping_status":"open","sticky":false,"template":"","format":"standard","meta":[],"categories":[29],"tags":[6,27,20,5],"_links":{"self":[{"href":"https:\/\/duventdanslesmots.org\/index.php\/wp-json\/wp\/v2\/posts\/376"}],"collection":[{"href":"https:\/\/duventdanslesmots.org\/index.php\/wp-json\/wp\/v2\/posts"}],"about":[{"href":"https:\/\/duventdanslesmots.org\/index.php\/wp-json\/wp\/v2\/types\/post"}],"author":[{"embeddable":true,"href":"https:\/\/duventdanslesmots.org\/index.php\/wp-json\/wp\/v2\/users\/2"}],"replies":[{"embeddable":true,"href":"https:\/\/duventdanslesmots.org\/index.php\/wp-json\/wp\/v2\/comments?post=376"}],"version-history":[{"count":6,"href":"https:\/\/duventdanslesmots.org\/index.php\/wp-json\/wp\/v2\/posts\/376\/revisions"}],"predecessor-version":[{"id":384,"href":"https:\/\/duventdanslesmots.org\/index.php\/wp-json\/wp\/v2\/posts\/376\/revisions\/384"}],"wp:attachment":[{"href":"https:\/\/duventdanslesmots.org\/index.php\/wp-json\/wp\/v2\/media?parent=376"}],"wp:term":[{"taxonomy":"category","embeddable":true,"href":"https:\/\/duventdanslesmots.org\/index.php\/wp-json\/wp\/v2\/categories?post=376"},{"taxonomy":"post_tag","embeddable":true,"href":"https:\/\/duventdanslesmots.org\/index.php\/wp-json\/wp\/v2\/tags?post=376"}],"curies":[{"name":"wp","href":"https:\/\/api.w.org\/{rel}","templated":true}]}}