{"id":407,"date":"2019-06-08T09:46:36","date_gmt":"2019-06-08T07:46:36","guid":{"rendered":"http:\/\/duventdanslesmots.org\/?p=407"},"modified":"2020-04-22T19:09:18","modified_gmt":"2020-04-22T17:09:18","slug":"pffft-la-fete-prend-le-vent","status":"publish","type":"post","link":"https:\/\/duventdanslesmots.org\/index.php\/2019\/06\/08\/pffft-la-fete-prend-le-vent\/","title":{"rendered":"Pffft. La f\u00eate prend le vent."},"content":{"rendered":"\n<p>Le vent souffle dans les mots et la pluie nous impose le repli.<\/p>\n\n\n\n<p>Cet apr\u00e8s-midi, nous vous proposons quelques lectures et ateliers au centre social de l&rsquo;Arbrisseau, \u00e0 deux pas du jardin des cultures.<\/p>\n\n\n\n<p>Au programme, des petites m\u00e9t\u00e9orologies : des histoires en musique, un atelier de cr\u00e9ation d&rsquo;un livre-accord\u00e9on, un atelier d&rsquo;\u00e9criture po\u00e9tique.<\/p>\n\n\n\n<figure class=\"wp-block-image is-resized\"><img decoding=\"async\" src=\"http:\/\/duventdanslesmots.org\/wp-content\/uploads\/2019\/06\/petites-m\u00e9t\u00e9orologies-1.jpg\" alt=\"\" class=\"wp-image-409\" width=\"1024\" srcset=\"https:\/\/duventdanslesmots.org\/wp-content\/uploads\/2019\/06\/petites-m\u00e9t\u00e9orologies-1.jpg 563w, https:\/\/duventdanslesmots.org\/wp-content\/uploads\/2019\/06\/petites-m\u00e9t\u00e9orologies-1-300x208.jpg 300w\" sizes=\"(max-width: 563px) 85vw, 563px\" \/><figcaption>Petites m\u00e9t\u00e9orologies d&rsquo;Anne Herbauts<\/figcaption><\/figure>\n\n\n\n<p><em>Centre Social de l&rsquo;Arbrisseau, 194 rue du Vaisseau le Vengeur, \u00e0 Lille Sud<\/em><\/p>\n","protected":false},"excerpt":{"rendered":"<p>Le vent souffle dans les mots et la pluie nous impose le repli. Cet apr\u00e8s-midi, nous vous proposons quelques lectures et ateliers au centre social de l&rsquo;Arbrisseau, \u00e0 deux pas du jardin des cultures. Au programme, des petites m\u00e9t\u00e9orologies : des histoires en musique, un atelier de cr\u00e9ation d&rsquo;un livre-accord\u00e9on, un atelier d&rsquo;\u00e9criture po\u00e9tique. Centre &hellip; <a href=\"https:\/\/duventdanslesmots.org\/index.php\/2019\/06\/08\/pffft-la-fete-prend-le-vent\/\" class=\"more-link\">Continuer la lecture<span class=\"screen-reader-text\"> de &laquo;&nbsp;Pffft. La f\u00eate prend le vent.&nbsp;&raquo;<\/span><\/a><\/p>\n","protected":false},"author":2,"featured_media":0,"comment_status":"open","ping_status":"open","sticky":false,"template":"","format":"standard","meta":[],"categories":[29],"tags":[18,6,4,5,16],"_links":{"self":[{"href":"https:\/\/duventdanslesmots.org\/index.php\/wp-json\/wp\/v2\/posts\/407"}],"collection":[{"href":"https:\/\/duventdanslesmots.org\/index.php\/wp-json\/wp\/v2\/posts"}],"about":[{"href":"https:\/\/duventdanslesmots.org\/index.php\/wp-json\/wp\/v2\/types\/post"}],"author":[{"embeddable":true,"href":"https:\/\/duventdanslesmots.org\/index.php\/wp-json\/wp\/v2\/users\/2"}],"replies":[{"embeddable":true,"href":"https:\/\/duventdanslesmots.org\/index.php\/wp-json\/wp\/v2\/comments?post=407"}],"version-history":[{"count":4,"href":"https:\/\/duventdanslesmots.org\/index.php\/wp-json\/wp\/v2\/posts\/407\/revisions"}],"predecessor-version":[{"id":413,"href":"https:\/\/duventdanslesmots.org\/index.php\/wp-json\/wp\/v2\/posts\/407\/revisions\/413"}],"wp:attachment":[{"href":"https:\/\/duventdanslesmots.org\/index.php\/wp-json\/wp\/v2\/media?parent=407"}],"wp:term":[{"taxonomy":"category","embeddable":true,"href":"https:\/\/duventdanslesmots.org\/index.php\/wp-json\/wp\/v2\/categories?post=407"},{"taxonomy":"post_tag","embeddable":true,"href":"https:\/\/duventdanslesmots.org\/index.php\/wp-json\/wp\/v2\/tags?post=407"}],"curies":[{"name":"wp","href":"https:\/\/api.w.org\/{rel}","templated":true}]}}