{"id":414,"date":"2019-06-18T19:01:57","date_gmt":"2019-06-18T17:01:57","guid":{"rendered":"http:\/\/duventdanslesmots.org\/?p=414"},"modified":"2020-04-22T19:09:10","modified_gmt":"2020-04-22T17:09:10","slug":"chants-et-poemes-de-traverse","status":"publish","type":"post","link":"https:\/\/duventdanslesmots.org\/index.php\/2019\/06\/18\/chants-et-poemes-de-traverse\/","title":{"rendered":"Chants et po\u00e8mes de traverse"},"content":{"rendered":"\n<p>Depuis Babel, le vent souffle dans les mots et les disperse. Il(s) nous am\u00e8ne(nt) ici. Pr\u00eates \u00e0 partager, pr\u00eates \u00e0 recevoir.<br>Le langage du c\u0153ur et de l\u2019\u00e2me, les langues, \u00e9trang\u00e8res, se rassemblent, s\u2019inventent un lieu commun. Elles chantent !<\/p>\n\n\n\n<p><strong>Chants et po\u00e8mes d&rsquo;ici, d&rsquo;ailleurs : le vendredi 21 juin 2019 \u00e0 19h30, \u00e0 la librairie La Lison (8 place Jeanne d&rsquo;Arc, Lille)<\/strong><\/p>\n\n\n\n<p>R\u00e9servation par mail \u00e0 librairielalison@gmail.com ou par t\u00e9l\u00e9phone au 09.83.99 70.32<br><\/p>\n\n\n\n<figure class=\"wp-block-image is-resized\"><img decoding=\"async\" src=\"http:\/\/duventdanslesmots.org\/wp-content\/uploads\/2019\/06\/IMG_0841-3-1024x768.jpg\" alt=\"\" class=\"wp-image-428\" width=\"664\" srcset=\"https:\/\/duventdanslesmots.org\/wp-content\/uploads\/2019\/06\/IMG_0841-3-1024x768.jpg 1024w, https:\/\/duventdanslesmots.org\/wp-content\/uploads\/2019\/06\/IMG_0841-3-300x225.jpg 300w, https:\/\/duventdanslesmots.org\/wp-content\/uploads\/2019\/06\/IMG_0841-3-768x576.jpg 768w, https:\/\/duventdanslesmots.org\/wp-content\/uploads\/2019\/06\/IMG_0841-3-1200x900.jpg 1200w, https:\/\/duventdanslesmots.org\/wp-content\/uploads\/2019\/06\/IMG_0841-3-1320x990.jpg 1320w, https:\/\/duventdanslesmots.org\/wp-content\/uploads\/2019\/06\/IMG_0841-3.jpg 1707w\" sizes=\"(max-width: 709px) 85vw, (max-width: 909px) 67vw, (max-width: 1362px) 62vw, 840px\" \/><figcaption>Photo Matthias Cr\u00e9pel<\/figcaption><\/figure>\n\n\n\n<p><br><\/p>\n","protected":false},"excerpt":{"rendered":"<p>Depuis Babel, le vent souffle dans les mots et les disperse. Il(s) nous am\u00e8ne(nt) ici. Pr\u00eates \u00e0 partager, pr\u00eates \u00e0 recevoir.Le langage du c\u0153ur et de l\u2019\u00e2me, les langues, \u00e9trang\u00e8res, se rassemblent, s\u2019inventent un lieu commun. Elles chantent ! Chants et po\u00e8mes d&rsquo;ici, d&rsquo;ailleurs : le vendredi 21 juin 2019 \u00e0 19h30, \u00e0 la librairie &hellip; <a href=\"https:\/\/duventdanslesmots.org\/index.php\/2019\/06\/18\/chants-et-poemes-de-traverse\/\" class=\"more-link\">Continuer la lecture<span class=\"screen-reader-text\"> de &laquo;&nbsp;Chants et po\u00e8mes de traverse&nbsp;&raquo;<\/span><\/a><\/p>\n","protected":false},"author":2,"featured_media":0,"comment_status":"open","ping_status":"open","sticky":false,"template":"","format":"standard","meta":[],"categories":[29],"tags":[11,5,16],"_links":{"self":[{"href":"https:\/\/duventdanslesmots.org\/index.php\/wp-json\/wp\/v2\/posts\/414"}],"collection":[{"href":"https:\/\/duventdanslesmots.org\/index.php\/wp-json\/wp\/v2\/posts"}],"about":[{"href":"https:\/\/duventdanslesmots.org\/index.php\/wp-json\/wp\/v2\/types\/post"}],"author":[{"embeddable":true,"href":"https:\/\/duventdanslesmots.org\/index.php\/wp-json\/wp\/v2\/users\/2"}],"replies":[{"embeddable":true,"href":"https:\/\/duventdanslesmots.org\/index.php\/wp-json\/wp\/v2\/comments?post=414"}],"version-history":[{"count":13,"href":"https:\/\/duventdanslesmots.org\/index.php\/wp-json\/wp\/v2\/posts\/414\/revisions"}],"predecessor-version":[{"id":431,"href":"https:\/\/duventdanslesmots.org\/index.php\/wp-json\/wp\/v2\/posts\/414\/revisions\/431"}],"wp:attachment":[{"href":"https:\/\/duventdanslesmots.org\/index.php\/wp-json\/wp\/v2\/media?parent=414"}],"wp:term":[{"taxonomy":"category","embeddable":true,"href":"https:\/\/duventdanslesmots.org\/index.php\/wp-json\/wp\/v2\/categories?post=414"},{"taxonomy":"post_tag","embeddable":true,"href":"https:\/\/duventdanslesmots.org\/index.php\/wp-json\/wp\/v2\/tags?post=414"}],"curies":[{"name":"wp","href":"https:\/\/api.w.org\/{rel}","templated":true}]}}