{"id":469,"date":"2019-09-26T09:50:39","date_gmt":"2019-09-26T07:50:39","guid":{"rendered":"http:\/\/duventdanslesmots.org\/?p=469"},"modified":"2020-04-22T19:08:13","modified_gmt":"2020-04-22T17:08:13","slug":"grandir-encore-toujours","status":"publish","type":"post","link":"https:\/\/duventdanslesmots.org\/index.php\/2019\/09\/26\/grandir-encore-toujours\/","title":{"rendered":"Grandir, encore, toujours"},"content":{"rendered":"\n<p>C\u2019est quoi grandir? <em>J&rsquo;ai pas vraiment envie de quitter l&rsquo;enfance. Mais quand m\u00eame&#8230; <\/em>c&rsquo;est quand? Comment on fait pour s\u2019inventer? pour se construire une personnalit\u00e9, pour \u00e9voluer? Qui nous montre le chemin?  nous-m\u00eames?  nos copains? les adultes qui nous aiment? le monde tout entier? <\/p>\n\n\n\n<p>Avec les mots, \u00e0 travers des lectures, des jeux d\u2019\u00e9criture, \u00e0 travers la cr\u00e9ation de chansons, nous avons propos\u00e9 aux jeunes du centre social La Busette de r\u00e9fl\u00e9chir et de partager leur regard sur \u201cc\u2019est quoi grandir\u201d.<\/p>\n\n\n\n<figure class=\"wp-block-gallery columns-2 is-cropped wp-block-gallery-1 is-layout-flex\"><ul class=\"blocks-gallery-grid\"><li class=\"blocks-gallery-item\"><figure><img decoding=\"async\" loading=\"lazy\" width=\"480\" height=\"481\" src=\"http:\/\/duventdanslesmots.org\/wp-content\/uploads\/2019\/07\/IMG_20190726_114541.jpg\" alt=\"\" data-id=\"482\" data-link=\"http:\/\/duventdanslesmots.org\/img_20190726_114541\/\" class=\"wp-image-482\" srcset=\"https:\/\/duventdanslesmots.org\/wp-content\/uploads\/2019\/07\/IMG_20190726_114541.jpg 480w, https:\/\/duventdanslesmots.org\/wp-content\/uploads\/2019\/07\/IMG_20190726_114541-150x150.jpg 150w, https:\/\/duventdanslesmots.org\/wp-content\/uploads\/2019\/07\/IMG_20190726_114541-300x300.jpg 300w\" sizes=\"(max-width: 480px) 85vw, 480px\" \/><\/figure><\/li><li class=\"blocks-gallery-item\"><figure><img decoding=\"async\" loading=\"lazy\" width=\"360\" height=\"360\" src=\"http:\/\/duventdanslesmots.org\/wp-content\/uploads\/2019\/07\/IMG_20190726_114720.jpg\" alt=\"\" data-id=\"483\" data-link=\"http:\/\/duventdanslesmots.org\/img_20190726_114720\/\" class=\"wp-image-483\" srcset=\"https:\/\/duventdanslesmots.org\/wp-content\/uploads\/2019\/07\/IMG_20190726_114720.jpg 360w, https:\/\/duventdanslesmots.org\/wp-content\/uploads\/2019\/07\/IMG_20190726_114720-150x150.jpg 150w, https:\/\/duventdanslesmots.org\/wp-content\/uploads\/2019\/07\/IMG_20190726_114720-300x300.jpg 300w\" sizes=\"(max-width: 360px) 85vw, 360px\" \/><\/figure><\/li><\/ul><\/figure>\n\n\n\n<p>Questions de corps, d&rsquo;intimit\u00e9, de responsabilit\u00e9, d&rsquo;autonomie, de confiance, d&rsquo;appartenance. Les fronti\u00e8res entre l&rsquo;enfance, l&rsquo;adolescence et l&rsquo;\u00e2ge adulte sont comme des lignes mouvantes. Tellement personnelles, tellement partag\u00e9es. Alors? Qui dit quoi? Qui chante quoi?<\/p>\n\n\n\n<p>Un document sonore sign\u00e9 Gilles Anquez.<\/p>\n\n\n\n\n\n<p><a href=\"https:\/\/grandiraveclabusette.bandcamp.com\/album\/cest-quoi-grandir\">https:\/\/grandiraveclabusette.bandcamp.com\/album\/cest-quoi-grandir<\/a><\/p>\n","protected":false},"excerpt":{"rendered":"<p>C\u2019est quoi grandir? J&rsquo;ai pas vraiment envie de quitter l&rsquo;enfance. Mais quand m\u00eame&#8230; c&rsquo;est quand? Comment on fait pour s\u2019inventer? pour se construire une personnalit\u00e9, pour \u00e9voluer? Qui nous montre le chemin? nous-m\u00eames? nos copains? les adultes qui nous aiment? le monde tout entier? Avec les mots, \u00e0 travers des lectures, des jeux d\u2019\u00e9criture, \u00e0 &hellip; <a href=\"https:\/\/duventdanslesmots.org\/index.php\/2019\/09\/26\/grandir-encore-toujours\/\" class=\"more-link\">Continuer la lecture<span class=\"screen-reader-text\"> de &laquo;&nbsp;Grandir, encore, toujours&nbsp;&raquo;<\/span><\/a><\/p>\n","protected":false},"author":2,"featured_media":0,"comment_status":"open","ping_status":"open","sticky":false,"template":"","format":"standard","meta":[],"categories":[29],"tags":[17,6,11,27,15],"_links":{"self":[{"href":"https:\/\/duventdanslesmots.org\/index.php\/wp-json\/wp\/v2\/posts\/469"}],"collection":[{"href":"https:\/\/duventdanslesmots.org\/index.php\/wp-json\/wp\/v2\/posts"}],"about":[{"href":"https:\/\/duventdanslesmots.org\/index.php\/wp-json\/wp\/v2\/types\/post"}],"author":[{"embeddable":true,"href":"https:\/\/duventdanslesmots.org\/index.php\/wp-json\/wp\/v2\/users\/2"}],"replies":[{"embeddable":true,"href":"https:\/\/duventdanslesmots.org\/index.php\/wp-json\/wp\/v2\/comments?post=469"}],"version-history":[{"count":17,"href":"https:\/\/duventdanslesmots.org\/index.php\/wp-json\/wp\/v2\/posts\/469\/revisions"}],"predecessor-version":[{"id":660,"href":"https:\/\/duventdanslesmots.org\/index.php\/wp-json\/wp\/v2\/posts\/469\/revisions\/660"}],"wp:attachment":[{"href":"https:\/\/duventdanslesmots.org\/index.php\/wp-json\/wp\/v2\/media?parent=469"}],"wp:term":[{"taxonomy":"category","embeddable":true,"href":"https:\/\/duventdanslesmots.org\/index.php\/wp-json\/wp\/v2\/categories?post=469"},{"taxonomy":"post_tag","embeddable":true,"href":"https:\/\/duventdanslesmots.org\/index.php\/wp-json\/wp\/v2\/tags?post=469"}],"curies":[{"name":"wp","href":"https:\/\/api.w.org\/{rel}","templated":true}]}}