{"id":803,"date":"2020-04-13T14:38:53","date_gmt":"2020-04-13T12:38:53","guid":{"rendered":"http:\/\/duventdanslesmots.org\/?p=803"},"modified":"2020-05-13T18:14:18","modified_gmt":"2020-05-13T16:14:18","slug":"du-vent-dans-les-mots-les-sons","status":"publish","type":"post","link":"https:\/\/duventdanslesmots.org\/index.php\/2020\/04\/13\/du-vent-dans-les-mots-les-sons\/","title":{"rendered":"Du vent dans les mots, les sons"},"content":{"rendered":"\n<p>La fl\u00fbte nous emm\u00e8ne en voyage. <br>Elle prend les courants d&rsquo;air. Lui aussi.<br>La voix est libre. <br>Nos r\u00eaves volent au vent avec le linge, suspendu. <\/p>\n\n\n\n<p><em>On ne voit pas le vent,<br>on entend ce qu&rsquo;il apporte.<br>On n&rsquo;entend pas le vent, <br>on voit ce qu&rsquo;il emporte.<\/em><\/p>\n\n\n\n<figure class=\"wp-block-image size-large is-resized\"><img decoding=\"async\" loading=\"lazy\" src=\"http:\/\/duventdanslesmots.org\/wp-content\/uploads\/2020\/05\/De-quelle-couleur-est-le-vent-.jpg\" alt=\"\" class=\"wp-image-1123\" width=\"251\" height=\"251\" srcset=\"https:\/\/duventdanslesmots.org\/wp-content\/uploads\/2020\/05\/De-quelle-couleur-est-le-vent-.jpg 340w, https:\/\/duventdanslesmots.org\/wp-content\/uploads\/2020\/05\/De-quelle-couleur-est-le-vent--300x300.jpg 300w, https:\/\/duventdanslesmots.org\/wp-content\/uploads\/2020\/05\/De-quelle-couleur-est-le-vent--150x150.jpg 150w\" sizes=\"(max-width: 251px) 85vw, 251px\" \/><\/figure>\n","protected":false},"excerpt":{"rendered":"<p>La fl\u00fbte nous emm\u00e8ne en voyage. Elle prend les courants d&rsquo;air. Lui aussi.La voix est libre. Nos r\u00eaves volent au vent avec le linge, suspendu. On ne voit pas le vent,on entend ce qu&rsquo;il apporte.On n&rsquo;entend pas le vent, on voit ce qu&rsquo;il emporte.<\/p>\n","protected":false},"author":2,"featured_media":0,"comment_status":"open","ping_status":"open","sticky":false,"template":"","format":"standard","meta":[],"categories":[28],"tags":[27,16],"_links":{"self":[{"href":"https:\/\/duventdanslesmots.org\/index.php\/wp-json\/wp\/v2\/posts\/803"}],"collection":[{"href":"https:\/\/duventdanslesmots.org\/index.php\/wp-json\/wp\/v2\/posts"}],"about":[{"href":"https:\/\/duventdanslesmots.org\/index.php\/wp-json\/wp\/v2\/types\/post"}],"author":[{"embeddable":true,"href":"https:\/\/duventdanslesmots.org\/index.php\/wp-json\/wp\/v2\/users\/2"}],"replies":[{"embeddable":true,"href":"https:\/\/duventdanslesmots.org\/index.php\/wp-json\/wp\/v2\/comments?post=803"}],"version-history":[{"count":5,"href":"https:\/\/duventdanslesmots.org\/index.php\/wp-json\/wp\/v2\/posts\/803\/revisions"}],"predecessor-version":[{"id":1124,"href":"https:\/\/duventdanslesmots.org\/index.php\/wp-json\/wp\/v2\/posts\/803\/revisions\/1124"}],"wp:attachment":[{"href":"https:\/\/duventdanslesmots.org\/index.php\/wp-json\/wp\/v2\/media?parent=803"}],"wp:term":[{"taxonomy":"category","embeddable":true,"href":"https:\/\/duventdanslesmots.org\/index.php\/wp-json\/wp\/v2\/categories?post=803"},{"taxonomy":"post_tag","embeddable":true,"href":"https:\/\/duventdanslesmots.org\/index.php\/wp-json\/wp\/v2\/tags?post=803"}],"curies":[{"name":"wp","href":"https:\/\/api.w.org\/{rel}","templated":true}]}}