{"id":98,"date":"2018-10-05T15:33:33","date_gmt":"2018-10-05T13:33:33","guid":{"rendered":"http:\/\/duventdanslesmots.org\/?p=98"},"modified":"2020-04-22T19:12:11","modified_gmt":"2020-04-22T17:12:11","slug":"les-projets-demarres-ou-tout-prets","status":"publish","type":"post","link":"https:\/\/duventdanslesmots.org\/index.php\/2018\/10\/05\/les-projets-demarres-ou-tout-prets\/","title":{"rendered":"Les projets d\u00e9marr\u00e9s ou tout pr\u00eats"},"content":{"rendered":"<p><img decoding=\"async\" loading=\"lazy\" class=\"alignnone wp-image-108 size-medium\" src=\"http:\/\/duventdanslesmots.org\/wp-content\/uploads\/2018\/10\/IMG_1600-e1539783764777-300x300.jpg\" alt=\"\" width=\"300\" height=\"300\" srcset=\"https:\/\/duventdanslesmots.org\/wp-content\/uploads\/2018\/10\/IMG_1600-e1539783764777-300x300.jpg 300w, https:\/\/duventdanslesmots.org\/wp-content\/uploads\/2018\/10\/IMG_1600-e1539783764777-150x150.jpg 150w, https:\/\/duventdanslesmots.org\/wp-content\/uploads\/2018\/10\/IMG_1600-e1539783764777-768x768.jpg 768w, https:\/\/duventdanslesmots.org\/wp-content\/uploads\/2018\/10\/IMG_1600-e1539783764777.jpg 807w\" sizes=\"(max-width: 300px) 85vw, 300px\" \/><\/p>\n<p>\u2013 collecte et \u00e9criture de comptines et de chants, \u00e0 Libercourt avec l\u2019association Col\u00e8res du Pr\u00e9sent<br \/>\n\u2013 lectures, comptines, jeux de doigts et chants en PMI et en Halte-Garderie, \u00e0 Lille et \u00e0 Lens<br \/>\n\u2013 ateliers autour du livre en Centre de Petite Enfance, \u00e0 Roubaix<br \/>\n\u2013 lectures et chants en CHRS, \u00e0 Lille<br \/>\n\u2013 lectures aux Restos du Coeur, \u00e0 Lens<br \/>\n&#8211; atelier autour des mots en centre social, \u00e0 Lille<br \/>\n\u2013 lectures sign\u00e9es, \u00e0 Li\u00e9vin<br \/>\n\u2013 lectures, \u00e9criture et modelage en Maison d\u2019Enfants, \u00e0 Tourcoing<br \/>\n\u2013 formation \u00e0 la lecture \u00e0 voix haute en Lyc\u00e9e Professionnel, \u00e0 Halluin et \u00e0 Saint-Andr\u00e9<br \/>\n\u2013 atelier d\u2019\u00e9criture po\u00e9tique en Lyc\u00e9e Professionnel, \u00e0 Halluin et \u00e0 Saint-Andr\u00e9<\/p>\n","protected":false},"excerpt":{"rendered":"<p>\u2013 collecte et \u00e9criture de comptines et de chants, \u00e0 Libercourt avec l\u2019association Col\u00e8res du Pr\u00e9sent \u2013 lectures, comptines, jeux de doigts et chants en PMI et en Halte-Garderie, \u00e0 Lille et \u00e0 Lens \u2013 ateliers autour du livre en Centre de Petite Enfance, \u00e0 Roubaix \u2013 lectures et chants en CHRS, \u00e0 Lille \u2013 &hellip; <a href=\"https:\/\/duventdanslesmots.org\/index.php\/2018\/10\/05\/les-projets-demarres-ou-tout-prets\/\" class=\"more-link\">Continuer la lecture<span class=\"screen-reader-text\"> de &laquo;&nbsp;Les projets d\u00e9marr\u00e9s ou tout pr\u00eats&nbsp;&raquo;<\/span><\/a><\/p>\n","protected":false},"author":2,"featured_media":0,"comment_status":"open","ping_status":"open","sticky":false,"template":"","format":"standard","meta":[],"categories":[29],"tags":[],"_links":{"self":[{"href":"https:\/\/duventdanslesmots.org\/index.php\/wp-json\/wp\/v2\/posts\/98"}],"collection":[{"href":"https:\/\/duventdanslesmots.org\/index.php\/wp-json\/wp\/v2\/posts"}],"about":[{"href":"https:\/\/duventdanslesmots.org\/index.php\/wp-json\/wp\/v2\/types\/post"}],"author":[{"embeddable":true,"href":"https:\/\/duventdanslesmots.org\/index.php\/wp-json\/wp\/v2\/users\/2"}],"replies":[{"embeddable":true,"href":"https:\/\/duventdanslesmots.org\/index.php\/wp-json\/wp\/v2\/comments?post=98"}],"version-history":[{"count":7,"href":"https:\/\/duventdanslesmots.org\/index.php\/wp-json\/wp\/v2\/posts\/98\/revisions"}],"predecessor-version":[{"id":122,"href":"https:\/\/duventdanslesmots.org\/index.php\/wp-json\/wp\/v2\/posts\/98\/revisions\/122"}],"wp:attachment":[{"href":"https:\/\/duventdanslesmots.org\/index.php\/wp-json\/wp\/v2\/media?parent=98"}],"wp:term":[{"taxonomy":"category","embeddable":true,"href":"https:\/\/duventdanslesmots.org\/index.php\/wp-json\/wp\/v2\/categories?post=98"},{"taxonomy":"post_tag","embeddable":true,"href":"https:\/\/duventdanslesmots.org\/index.php\/wp-json\/wp\/v2\/tags?post=98"}],"curies":[{"name":"wp","href":"https:\/\/api.w.org\/{rel}","templated":true}]}}